{"id":16065,"date":"2018-03-26T23:57:22","date_gmt":"2018-03-26T21:57:22","guid":{"rendered":"https:\/\/xoandelugo.org\/?p=16065\/"},"modified":"2018-03-26T23:57:22","modified_gmt":"2018-03-26T21:57:22","slug":"por-que-parei-de-perder-meu-tempo-com-politica-paul-rosenberg","status":"publish","type":"post","link":"https:\/\/xoandelugo.org\/cy\/por-que-parei-de-perder-meu-tempo-com-politica-paul-rosenberg\/","title":{"rendered":"POR QUE PAREI DE PERDER MEU TEMPO COM POL\u00cdTICA &#8211; Paul Rosenberg"},"content":{"rendered":"<div class=\"fusion-fullwidth fullwidth-box fusion-builder-row-1 fusion-flex-container nonhundred-percent-fullwidth non-hundred-percent-height-scrolling\" style=\"background-color: rgba(255,255,255,0);background-position: center center;background-repeat: no-repeat;border-width: 0px 0px 0px 0px;border-color:#e2e2e2;border-style:solid;\" ><div class=\"fusion-builder-row fusion-row fusion-flex-align-items-flex-start\" style=\"max-width:calc( 1200px + 0px );margin-left: calc(-0px \/ 2 );margin-right: calc(-0px \/ 2 );\"><div class=\"fusion-layout-column fusion_builder_column fusion-builder-column-0 fusion_builder_column_1_1 1_1 fusion-flex-column\"><div class=\"fusion-column-wrapper fusion-flex-justify-content-flex-start fusion-content-layout-column\" style=\"background-position:left top;background-repeat:no-repeat;-webkit-background-size:cover;-moz-background-size:cover;-o-background-size:cover;background-size:cover;padding: 0px 0px 0px 0px;\"><div class=\"fusion-text fusion-text-1\" style=\"transform:translate3d(0,0,0);\"><h1 style=\"text-align: center;\"><span style=\"color: #428fc9;\">POR QUE PAREI DE PERDER MEU TEMPO COM POL\u00cdTICA<\/span><\/h1>\n<p>&nbsp;<\/p>\n<\/div><div class=\"fusion-text fusion-text-2\" style=\"transform:translate3d(0,0,0);\"><h4 style=\"text-align: right;\"><span style=\"color: #428fc9;\"><em>\u00a0 \u00a0 &#8211;\u00a0Paul Rosenberg &#8211;\u00a0<\/em><\/span><\/h4>\n<p>&nbsp;<\/p>\n<p>&nbsp;<\/p>\n<\/div><div class=\"fusion-separator fusion-full-width-sep\" style=\"align-self: center;margin-left: auto;margin-right: auto;width:100%;\"><div class=\"fusion-separator-border sep-single sep-solid\" style=\"border-color:#ffe500;border-top-width:1px;\"><\/div><\/div><\/div><\/div><style type=\"text\/css\">.fusion-body .fusion-builder-column-0{width:100% !important;margin-top : 0px;margin-bottom : 20px;}.fusion-builder-column-0 > .fusion-column-wrapper {padding-top : 0px !important;padding-right : 0px !important;margin-right : 0px;padding-bottom : 0px !important;padding-left : 0px !important;margin-left : 0px;}@media only screen and (max-width:1024px) {.fusion-body .fusion-builder-column-0{width:100% !important;}.fusion-builder-column-0 > .fusion-column-wrapper {margin-right : 0px;margin-left : 0px;}}@media only screen and (max-width:640px) {.fusion-body .fusion-builder-column-0{width:100% !important;}.fusion-builder-column-0 > .fusion-column-wrapper {margin-right : 0px;margin-left : 0px;}}<\/style><div class=\"fusion-layout-column fusion_builder_column fusion-builder-column-1 fusion_builder_column_1_1 1_1 fusion-flex-column\"><div class=\"fusion-column-wrapper fusion-flex-justify-content-flex-start fusion-content-layout-column\" style=\"background-position:left top;background-repeat:no-repeat;-webkit-background-size:cover;-moz-background-size:cover;-o-background-size:cover;background-size:cover;padding: 0px 0px 0px 0px;\"><div class=\"fusion-text fusion-text-3\" style=\"transform:translate3d(0,0,0);\"><p style=\"text-align: justify;\"><span style=\"color: #808080;\">\u00a0 V\u00e1rios de meus amigos votam. Pessoas de quem gosto muito e respeito bastante votam. Mas eu j\u00e1 desisti.<\/span><\/p>\n<p style=\"text-align: justify;\"><span style=\"color: #808080;\">\u00a0 Essa minha decis\u00e3o ainda horroriza v\u00e1rias pessoas, mas sejamos sinceros: elas se sentem incomodadas porque essa minha postura, na pr\u00e1tica, menospreza e de certa forma desmoraliza as escolhas delas.<\/span><\/p>\n<p style=\"text-align: justify;\"><span style=\"color: #808080;\">\u00a0 Eu at\u00e9 entendo por que essas pessoas votam. E realmente n\u00e3o as julgo e nem as desprezo por isso. Eu mesmo j\u00e1 votei v\u00e1rias vezes em minha vida. Eu apenas gostaria que elas parassem de sofrer por causa de pol\u00edtica; apenas gostaria que, em vez de se irritarem e brigarem por causa de discuss\u00f5es pol\u00edtico-partid\u00e1rias e de resultados eleitorais, elas apenas se tornassem mais felizes.<\/span><\/p>\n<p style=\"text-align: justify;\"><span style=\"color: #808080;\">\u00a0 A pol\u00edtica \u00e9 um tipo de tormento em c\u00e2mera lenta. E eu sinceramente n\u00e3o quero ver as pessoas \u2014 mais especificamente meus amigos \u2014 sofrendo e se irritando com isso.<\/span><\/p>\n<p style=\"text-align: justify;\"><span style=\"color: #808080;\">\u00a0 Sim, estou perfeitamente ciente de que essa minha opini\u00e3o parece insensata para a maioria das pessoas, mas isso s\u00f3 ocorre porque minha opini\u00e3o se difere fragorosamente da opini\u00e3o delas. Por outro lado, se essa minha opini\u00e3o for a correta, ent\u00e3o isso significa que essas pessoas est\u00e3o simplesmente perdendo tempo e energia com algo in\u00fatil \u2014 e praticamente ningu\u00e9m gosta nem mesmo de imaginar essa hip\u00f3tese desagrad\u00e1vel; hip\u00f3teses como essa s\u00e3o automaticamente negadas por nossa mente.<\/span><\/p>\n<p style=\"text-align: justify;\"><span style=\"color: #808080;\">\u00a0 Portanto, se voc\u00ea gosta de debater e de sofrer com pol\u00edtica, fique \u00e0 vontade. N\u00e3o irei de maneira alguma tentar acabar com esse seu prazer. Estou apenas dizendo que gostaria muito que pessoas boas e produtivas n\u00e3o despendessem boa parte de seu tempo e de sua energia com essa atividade mentalmente exaustiva e improdutiva \u2014 n\u00e3o creio que tal atitude lhes traga qualquer benef\u00edcio.<\/span><\/p>\n<p style=\"text-align: justify;\"><span style=\"color: #808080;\">\u00a0 Agora, j\u00e1 que muitas pessoas ir\u00e3o contestar, vou explicar por que penso assim.<\/span><\/p>\n<p style=\"text-align: justify;\">\n<p style=\"text-align: justify;\"><span style=\"color: #808080;\"><strong>\u00a0 &#8220;Se n\u00e3o votarmos, os maus ir\u00e3o vencer! E a\u00ed as coisas v\u00e3o piorar ainda mais!&#8221;.<\/strong><\/span><\/p>\n<p style=\"text-align: justify;\"><span style=\"color: #808080;\">\u00a0 Esse \u00e9 o argumento que eu mais escuto. E a ele sempre respondo: &#8220;As coisas j\u00e1 est\u00e3o ruins, est\u00e3o s\u00f3 piorando, e nenhuma das v\u00e1rias elei\u00e7\u00f5es anteriores trouxe mudan\u00e7as para melhor.&#8221;<\/span><\/p>\n<p style=\"text-align: justify;\"><span style=\"color: #808080;\">\u00a0 Como r\u00e9plica a isso, sempre escuto as tradicionais &#8220;sim, mas&#8230;&#8221;.<\/span><\/p>\n<p style=\"text-align: justify;\"><span style=\"color: #808080;\">\u00a0 A verdade factual \u00e9 que regimes repressivos sempre se legitimam e esmagam o povo por meio da pol\u00edtica. Havia in\u00fameros pol\u00edticos e infind\u00e1veis elei\u00e7\u00f5es nas rep\u00fablicas sovi\u00e9ticas. Ali\u00e1s, a Constitui\u00e7\u00e3o da URSS tinha alguns itens bem atraentes. Por exemplo:<\/span><\/p>\n<p style=\"text-align: justify;\">\n<blockquote>\n<p style=\"text-align: justify;\"><span style=\"color: #808080;\">Artigo 47: os direitos de autores, inventores e inovadores s\u00e3o protegidos pelo estado.<\/span><\/p>\n<p style=\"text-align: justify;\"><span style=\"color: #808080;\">Artigo 55: os cidad\u00e3os da URSS t\u00eam garantida a inviolabilidade de suas casas. Ningu\u00e9m pode, sem bases legais, entrar em uma casa contra o consentimento daqueles que nela residem.<\/span><\/p>\n<p style=\"text-align: justify;\"><span style=\"color: #808080;\">Artigo 56: a privacidade dos cidad\u00e3os, de suas correspond\u00eancias, de suas conversas telef\u00f4nicas e de suas comunica\u00e7\u00f5es telegr\u00e1ficas \u00e9 protegida por lei. (S\u00f3 que n\u00e3o.)<\/span><\/p>\n<p style=\"text-align: justify;\"><span style=\"color: #808080;\">Artigo 57: o respeito pelos direitos individuais e a prote\u00e7\u00e3o dos direitos e liberdades dos cidad\u00e3os s\u00e3o o dever de todos os \u00f3rg\u00e3os do estado, de todas as organiza\u00e7\u00f5es p\u00fablicas e de todos os funcion\u00e1rios do estado.<\/span><\/p>\n<\/blockquote>\n<p style=\"text-align: justify;\">\n<p style=\"text-align: justify;\"><span style=\"color: #808080;\">\u00a0 Obviamente, pol\u00edticos e documentos escritos por pol\u00edticos n\u00e3o ajudaram muito o povo da URSS.<\/span><\/p>\n<p style=\"text-align: justify;\"><span style=\"color: #808080;\">\u00a0 No entanto, a hist\u00f3ria tamb\u00e9m j\u00e1 mostrou que regimes repressivos n\u00e3o s\u00e3o capazes de esmagar todas as pessoas que se recusarem a cumprir suas ordens. Se essas pessoas se recusarem a obedecer, o regime ir\u00e1 se esfacelar, e bem rapidamente.<\/span><\/p>\n<p style=\"text-align: justify;\"><span style=\"color: #808080;\">\u00a0 Portanto, na vida real, um regime repressivo n\u00e3o \u00e9 restringido pelos pol\u00edticos que est\u00e3o em seu comando (isso, ali\u00e1s, seria paradoxal); ele \u00e9 restringido pela desobedi\u00eancia civil.<\/span><\/p>\n<p style=\"text-align: justify;\"><span style=\"color: #808080;\">\u00a0 Ao fim e ao cabo, o real poder dos governantes ter\u00e1 exatamente o tamanho que a aquiesc\u00eancia de seus s\u00faditos permitir. Se os governantes exagerarem, ou se seus s\u00faditos pararem de obedecer (no que ajuda bastante a popula\u00e7\u00e3o n\u00e3o estar desarmada), o regime se esfacela.<\/span><\/p>\n<p style=\"text-align: justify;\"><span style=\"color: #808080;\">\u00a0 O poder \u2014 inclusive o poder pol\u00edtico \u2014 sempre corrompe, e ele sempre ir\u00e1 se expandir at\u00e9 o limite da toler\u00e2ncia e da obedi\u00eancia de seus s\u00faditos. \u00c9 claro que voc\u00ea sabe que n\u00e3o fui eu quem descobriu isso. O ex-escravo Frederick Douglass j\u00e1 havia dito isso h\u00e1 muito tempo: \u201cDescubra aquilo que far\u00e1 com que as pessoas se tornem submissas, e voc\u00ea ter\u00e1 descoberto a exata quantia de injusti\u00e7a e ofensa que poder\u00e1 ser imposta a elas. &#8230; Os limites dos tiranos s\u00e3o determinados pela toler\u00e2ncia dos oprimidos\u201d.<\/span><\/p>\n<p style=\"text-align: justify;\"><span style=\"color: #808080;\">\u00a0 O pior problema da pol\u00edtica \u00e9 que ela estimula a obedi\u00eancia e a submiss\u00e3o das massas. Enquanto os pol\u00edticos do partido azul fingem culpar os pol\u00edticos do partido vermelho, e os pol\u00edticos vermelhos fingem rivalidade com os pol\u00edticos azuis, as massas se comportam bovinamente como l\u00edderes de torcida, prendendo a respira\u00e7\u00e3o a cada embate p\u00fablico entre esses dois times, e sempre se mantendo submissas a ambos.<\/span><\/p>\n<p style=\"text-align: justify;\"><span style=\"color: #808080;\">\u00a0 Afinal, se seu time vencer as pr\u00f3ximas elei\u00e7\u00f5es, a\u00ed sim as coisas poder\u00e3o finalmente melhorar!<\/span><\/p>\n<p style=\"text-align: justify;\"><span style=\"color: #808080;\">\u00a0 Ou seja, n\u00e3o apenas a pol\u00edtica exaure a energia de nossas vidas, como ela tamb\u00e9m torna as pessoas bem mais propensas \u00e0 submiss\u00e3o e a seguir ordens de maneira autom\u00e1tica. &#8220;N\u00e3o gosto do partido A que est\u00e1 no poder; queria muito que o partido B estivesse no controle, a\u00ed sim eu estaria satisfeito&#8221;. Isso sim \u00e9 realmente perigoso.<\/span><\/p>\n<p style=\"text-align: justify;\">\n<p style=\"text-align: justify;\"><span style=\"color: #808080;\"><strong>\u00a0 N\u00e3o importa em quem voc\u00ea vote, o governo sempre vencer\u00e1.<\/strong><\/span><\/p>\n<p style=\"text-align: justify;\"><span style=\"color: #808080;\">\u00a0 Quando as pessoas pensam no governo, elas normalmente imaginam um grupo de 600 pessoas na capital federal tomando algumas decis\u00f5es racionais. A verdade, no entanto, \u00e9 que o governo \u00e9 composto por milh\u00f5es de empregados, sendo a esmagadora maioria imposs\u00edvel de ser demitida. Para piorar tudo, oceanos de dinheiro passam pelas m\u00e3os dessas pessoas diariamente. Esse arranjo \u00e9 totalmente prop\u00edcio ao abuso de poder, e sempre ser\u00e1. Trata-se de um problema estrutural, o qual n\u00e3o pode ser resolvido apenas &#8220;votando nas pessoas certas&#8221;.<\/span><\/p>\n<p style=\"text-align: justify;\"><span style=\"color: #808080;\">\u00a0 Foi Jeffrey Tucker quem melhor resumiu a situa\u00e7\u00e3o:<\/span><\/p>\n<p style=\"text-align: justify;\">\n<blockquote>\n<p style=\"text-align: justify;\"><span style=\"color: #808080;\">N\u00e3o \u00e9 a classe pol\u00edtica quem comanda as coisas. [&#8230;] Pol\u00edticos v\u00eam e v\u00e3o. A classe pol\u00edtica \u00e9 apenas o verniz do estado; \u00e9 apenas a sua face p\u00fablica. Ela n\u00e3o \u00e9 o estado propriamente dito. Quem de fato comanda o estado, quem estipula as leis e as impinge, \u00e9 a permanente estrutura burocr\u00e1tica que comanda o estado, estrutura esta formada por pessoas imunes a elei\u00e7\u00f5es. S\u00e3o estes, os burocratas e os reguladores, que comp\u00f5em o verdadeiro aparato controlador do governo.<\/span><\/p>\n<\/blockquote>\n<p style=\"text-align: justify;\">\n<p style=\"text-align: justify;\"><span style=\"color: #808080;\">\u00a0 Ou seja, a estrutura do governo \u00e9, por natureza, corrupta e abusiva, e continuar\u00e1 assim at\u00e9 que a pr\u00f3pria estrutura seja mudada. Meras elei\u00e7\u00f5es, mesmo que &#8220;as pessoas certas sejam eleitas&#8221;, n\u00e3o ir\u00e3o alterar essa estrutura.<\/span><\/p>\n<p style=\"text-align: justify;\"><span style=\"color: #808080;\">\u00a0 A pol\u00edtica est\u00e1 sempre se esfor\u00e7ando para nos fazer crer que as coisas ir\u00e3o melhorar&#8230; t\u00e3o logo derrotemos o partido inimigo, \u00e9 claro. S\u00f3 que, independentemente de nossas esperan\u00e7as, sempre vamos acabar lidando com algo chamado &#8220;governan\u00e7a efetiva&#8221;. Em outras palavras, nada ir\u00e1 mudar, ainda que as faces que aparecem na televis\u00e3o sejam trocadas de quatro em quatro anos.<\/span><\/p>\n<p style=\"text-align: justify;\">\n<p style=\"text-align: justify;\"><span style=\"color: #808080;\"><strong>\u00a0 A pol\u00edtica se baseia na supersti\u00e7\u00e3o.<\/strong><\/span><\/p>\n<p style=\"text-align: justify;\"><span style=\"color: #808080;\">\u00a0 Arraigada na pr\u00e1tica da pol\u00edtica est\u00e1 uma supersti\u00e7\u00e3o, qual seja: se protestarmos o bastante, e da maneira correta, vamos conseguir o que queremos, e sem corrermos nenhum risco.<\/span><\/p>\n<p style=\"text-align: justify;\"><span style=\"color: #808080;\">\u00a0 Em outras palavras, queremos acreditar que a pol\u00edtica nos fornece uma solu\u00e7\u00e3o f\u00e1cil, e que nossas reclama\u00e7\u00f5es t\u00eam poderes m\u00e1gicos.<\/span><\/p>\n<p style=\"text-align: justify;\"><span style=\"color: #808080;\">\u00a0 Ora, se queremos que as coisas sejam diferentes, ent\u00e3o temos de agir para torn\u00e1-las diferentes. S\u00f3 que a pol\u00edtica aniquila essa possibilidade ao tornar as pessoas mais passivas e ao faz\u00ea-las acreditar que meras manifesta\u00e7\u00f5es verbais t\u00eam poderes m\u00e1gicos, e que a passividade \u00e9 uma virtude.<\/span><\/p>\n<p style=\"text-align: justify;\"><span style=\"color: #808080;\">\u00a0 Ou seja: h\u00e1 milh\u00f5es de pessoas decentes e capazes que podem perfeitamente resolver seus pr\u00f3prios problemas, sem ter de recorrer a pol\u00edticos; no entanto, essas mesmas pessoas foram condicionadas a jamais agir por conta pr\u00f3pria e a sempre acreditar que podem conseguir o que querem \u2014 sem correr nenhum risco \u2014 apenas se manifestando e utilizando as palavras corretas.<\/span><\/p>\n<p style=\"text-align: justify;\"><span style=\"color: #808080;\">\u00a0 A pol\u00edtica, portanto, criou uma mentira atraente e irresist\u00edvel demais para ser ignorada: mude o mundo: sem dor, sem esfor\u00e7o, sem riscos.<\/span><\/p>\n<p style=\"text-align: justify;\"><span style=\"color: #808080;\">\u00a0 N\u00e3o apenas essa promessa \u00e9 uma fragorosa supersti\u00e7\u00e3o, como ela tamb\u00e9m desestimula as pessoas a realmente se esfor\u00e7arem para mudar o mundo \u00e0 sua volta. Por que gastar sangue, suor e l\u00e1grimas se voc\u00ea pode apenas reclamar e obter os mesmos \u2014 ou at\u00e9 melhores \u2014 resultados?<\/span><\/p>\n<p style=\"text-align: justify;\">\n<p style=\"text-align: justify;\"><span style=\"color: #808080;\"><strong>\u00a0 A pol\u00edtica \u00e9 pr\u00e9-hist\u00f3rica.<\/strong><\/span><\/p>\n<p style=\"text-align: justify;\"><span style=\"color: #808080;\">\u00a0Dediquei boa parte da minha vida estudando nosso passado, e aprendi que o sistema de homens governando homens data do ano 6.400 a.C. J\u00e1 o tipo de governan\u00e7a que mais se assemelha \u00e0 nossa come\u00e7ou por volta de 5.000 a.C. Assembl\u00e9ias bicamerais (como Senado e C\u00e2mara dos Deputados) j\u00e1 existiam em 2.500 a.C.<\/span><\/p>\n<p style=\"text-align: justify;\"><span style=\"color: #808080;\">\u00a0 Ou seja, s\u00e3o coisas que j\u00e1 existiam naquele per\u00edodo de tempo que convencionalmente rotulamos de &#8220;pr\u00e9-hist\u00f3ria&#8221;.<\/span><\/p>\n<p style=\"text-align: justify;\"><span style=\"color: #808080;\">\u00a0 Logo, eis a minha pergunta: por acaso h\u00e1 algo mais que j\u00e1 existia antes das pir\u00e2mides do Egito e que ainda governa nossas vidas hoje?<\/span><\/p>\n<p style=\"text-align: justify;\"><span style=\"color: #808080;\">\u00a0O homem n\u00e3o mais tem de lavrar a terra manualmente. Ele n\u00e3o mais tem de utilizar rochas para fazer fogo. Ele n\u00e3o mais tem de andar de carro\u00e7as. Ele n\u00e3o mais depende da tra\u00e7\u00e3o animal. J\u00e1 aprendemos a escrever, a inventar, a navegar, a percorrer em poucas horas enormes dist\u00e2ncias no globo, a dirigir, a voar, a chegar \u00e0 lua etc.<\/span><\/p>\n<p style=\"text-align: justify;\"><span style=\"color: #808080;\">\u00a0 E, ainda assim, essa rel\u00edquia do nosso passado mais primitivo ainda permanece. Se h\u00e1 uma \u00e1rea da vida em que os humanos fracassaram e em nada evolu\u00edram, essa \u00e1rea \u00e9 a pol\u00edtica.<\/span><\/p>\n<p style=\"text-align: justify;\">\n<p style=\"text-align: justify;\"><span style=\"color: #808080;\"><strong>Portanto&#8230;<\/strong><\/span><\/p>\n<p style=\"text-align: justify;\"><span style=\"color: #808080;\">J\u00e1 fiz meu ponto. E voc\u00ea tem toda a liberdade para interpret\u00e1-lo como quiser. Posso apenas lhe afian\u00e7ar que, desde que me afastei da pol\u00edtica, me tornei um indiv\u00edduo mais feliz, mais produtivo, menos amargo e menos rancoroso. E gostaria que isso tamb\u00e9m acontecesse com voc\u00ea.<\/span><\/p>\n<p>&nbsp;<\/p>\n<p>&nbsp;<\/p>\n<\/div><\/div><\/div><style type=\"text\/css\">.fusion-body .fusion-builder-column-1{width:100% !important;margin-top : 0px;margin-bottom : 20px;}.fusion-builder-column-1 > .fusion-column-wrapper {padding-top : 0px !important;padding-right : 0px !important;margin-right : 0px;padding-bottom : 0px !important;padding-left : 0px !important;margin-left : 0px;}@media only screen and (max-width:1024px) {.fusion-body .fusion-builder-column-1{width:100% !important;}.fusion-builder-column-1 > .fusion-column-wrapper {margin-right : 0px;margin-left : 0px;}}@media only screen and (max-width:640px) {.fusion-body .fusion-builder-column-1{width:100% !important;}.fusion-builder-column-1 > .fusion-column-wrapper {margin-right : 0px;margin-left : 0px;}}<\/style><div class=\"fusion-layout-column fusion_builder_column fusion-builder-column-2 fusion_builder_column_1_1 1_1 fusion-flex-column\"><div class=\"fusion-column-wrapper fusion-flex-justify-content-flex-start fusion-content-layout-column\" style=\"background-position:left top;background-repeat:no-repeat;-webkit-background-size:cover;-moz-background-size:cover;-o-background-size:cover;background-size:cover;padding: 0px 0px 0px 0px;\"><div class=\"fusion-separator fusion-full-width-sep\" style=\"align-self: center;margin-left: auto;margin-right: auto;width:100%;\"><div class=\"fusion-separator-border sep-double sep-solid\" style=\"border-color:#ffeb3b;border-top-width:1px;border-bottom-width:1px;\"><\/div><\/div><div class=\"fusion-text fusion-text-4\" style=\"transform:translate3d(0,0,0);\"><p>&nbsp;<\/p>\n<p>&nbsp;<\/p>\n<\/div><\/div><\/div><style type=\"text\/css\">.fusion-body .fusion-builder-column-2{width:100% !important;margin-top : 0px;margin-bottom : 20px;}.fusion-builder-column-2 > .fusion-column-wrapper {padding-top : 0px !important;padding-right : 0px !important;margin-right : 0px;padding-bottom : 0px !important;padding-left : 0px !important;margin-left : 0px;}@media only screen and (max-width:1024px) {.fusion-body .fusion-builder-column-2{width:100% !important;}.fusion-builder-column-2 > .fusion-column-wrapper {margin-right : 0px;margin-left : 0px;}}@media only screen and (max-width:640px) {.fusion-body .fusion-builder-column-2{width:100% !important;}.fusion-builder-column-2 > .fusion-column-wrapper {margin-right : 0px;margin-left : 0px;}}<\/style><\/div><style type=\"text\/css\">.fusion-body .fusion-flex-container.fusion-builder-row-1{ padding-top : 0px;margin-top : 0px;padding-right : 0px;padding-bottom : 0px;margin-bottom : 0px;padding-left : 0px;}<\/style><\/div>\n","protected":false},"excerpt":{"rendered":"","protected":false},"author":1,"featured_media":0,"comment_status":"open","ping_status":"open","sticky":false,"template":"","format":"standard","meta":{"footnotes":""},"categories":[16],"tags":[],"class_list":["post-16065","post","type-post","status-publish","format-standard","hentry","category-artigos-cy"],"_links":{"self":[{"href":"https:\/\/xoandelugo.org\/cy\/wp-json\/wp\/v2\/posts\/16065","targetHints":{"allow":["GET"]}}],"collection":[{"href":"https:\/\/xoandelugo.org\/cy\/wp-json\/wp\/v2\/posts"}],"about":[{"href":"https:\/\/xoandelugo.org\/cy\/wp-json\/wp\/v2\/types\/post"}],"author":[{"embeddable":true,"href":"https:\/\/xoandelugo.org\/cy\/wp-json\/wp\/v2\/users\/1"}],"replies":[{"embeddable":true,"href":"https:\/\/xoandelugo.org\/cy\/wp-json\/wp\/v2\/comments?post=16065"}],"version-history":[{"count":2,"href":"https:\/\/xoandelugo.org\/cy\/wp-json\/wp\/v2\/posts\/16065\/revisions"}],"predecessor-version":[{"id":16067,"href":"https:\/\/xoandelugo.org\/cy\/wp-json\/wp\/v2\/posts\/16065\/revisions\/16067"}],"wp:attachment":[{"href":"https:\/\/xoandelugo.org\/cy\/wp-json\/wp\/v2\/media?parent=16065"}],"wp:term":[{"taxonomy":"category","embeddable":true,"href":"https:\/\/xoandelugo.org\/cy\/wp-json\/wp\/v2\/categories?post=16065"},{"taxonomy":"post_tag","embeddable":true,"href":"https:\/\/xoandelugo.org\/cy\/wp-json\/wp\/v2\/tags?post=16065"}],"curies":[{"name":"wp","href":"https:\/\/api.w.org\/{rel}","templated":true}]}}