{"id":15710,"date":"2017-12-14T00:06:57","date_gmt":"2017-12-13T22:06:57","guid":{"rendered":"https:\/\/xoandelugo.org\/?p=15710\/"},"modified":"2017-12-14T00:11:45","modified_gmt":"2017-12-13T22:11:45","slug":"quanto-mais-liberdade-economica-mais-solidariedade-e-caridade-na-teoria-e-na-pratica-andre-pereira-goncalves","status":"publish","type":"post","link":"https:\/\/xoandelugo.org\/cy\/quanto-mais-liberdade-economica-mais-solidariedade-e-caridade-na-teoria-e-na-pratica-andre-pereira-goncalves\/","title":{"rendered":"Quanto mais liberdade econ\u00f4mica, mais solidariedade e caridade &#8211; na teoria e na pr\u00e1tica. Andr\u00e9 Pereira Gon\u00e7alves"},"content":{"rendered":"<div class=\"fusion-fullwidth fullwidth-box fusion-builder-row-1 fusion-flex-container nonhundred-percent-fullwidth non-hundred-percent-height-scrolling\" style=\"background-color: rgba(255,255,255,0);background-position: center center;background-repeat: no-repeat;border-width: 0px 0px 0px 0px;border-color:#e2e2e2;border-style:solid;\" ><div class=\"fusion-builder-row fusion-row fusion-flex-align-items-flex-start\" style=\"max-width:calc( 1200px + 0px );margin-left: calc(-0px \/ 2 );margin-right: calc(-0px \/ 2 );\"><div class=\"fusion-layout-column fusion_builder_column fusion-builder-column-0 fusion_builder_column_1_1 1_1 fusion-flex-column\"><div class=\"fusion-column-wrapper fusion-flex-justify-content-flex-start fusion-content-layout-column\" style=\"background-position:left top;background-repeat:no-repeat;-webkit-background-size:cover;-moz-background-size:cover;-o-background-size:cover;background-size:cover;padding: 0px 0px 0px 0px;\"><div class=\"fusion-text fusion-text-1\" style=\"transform:translate3d(0,0,0);\"><h1 style=\"text-align: center;\"><span style=\"color: #428fc9;\">QUANTO MAIS LIBERDADE ECON\u00d4MICA, MAIS SOLIDARIDADE E CARIDADE &#8211; NA TEOR\u00cdA E NA PR\u00c1TICA\u00a0<\/span><\/h1>\n<\/div><div class=\"fusion-text fusion-text-2\" style=\"transform:translate3d(0,0,0);\"><h4 style=\"text-align: right;\"><span style=\"color: #428fc9;\"><em>\u00a0 \u00a0 &#8211;\u00a0Andr\u00e9 Pereira Gon\u00e7alves &#8211;\u00a0\u00a0<\/em><\/span><\/h4>\n<p>&nbsp;<\/p>\n<h4 style=\"text-align: right;\"><span style=\"color: #428fc9;\"><em>\u00a0\u00a0<\/em><\/span><\/h4>\n<p>&nbsp;<\/p>\n<\/div><div class=\"fusion-separator fusion-full-width-sep\" style=\"align-self: center;margin-left: auto;margin-right: auto;width:100%;\"><div class=\"fusion-separator-border sep-single sep-solid\" style=\"border-color:#ffe500;border-top-width:1px;\"><\/div><\/div><\/div><\/div><style type=\"text\/css\">.fusion-body .fusion-builder-column-0{width:100% !important;margin-top : 0px;margin-bottom : 20px;}.fusion-builder-column-0 > .fusion-column-wrapper {padding-top : 0px !important;padding-right : 0px !important;margin-right : 0px;padding-bottom : 0px !important;padding-left : 0px !important;margin-left : 0px;}@media only screen and (max-width:1024px) {.fusion-body .fusion-builder-column-0{width:100% !important;}.fusion-builder-column-0 > .fusion-column-wrapper {margin-right : 0px;margin-left : 0px;}}@media only screen and (max-width:640px) {.fusion-body .fusion-builder-column-0{width:100% !important;}.fusion-builder-column-0 > .fusion-column-wrapper {margin-right : 0px;margin-left : 0px;}}<\/style><div class=\"fusion-layout-column fusion_builder_column fusion-builder-column-1 fusion_builder_column_1_1 1_1 fusion-flex-column\"><div class=\"fusion-column-wrapper fusion-flex-justify-content-flex-start fusion-content-layout-column\" style=\"background-position:left top;background-repeat:no-repeat;-webkit-background-size:cover;-moz-background-size:cover;-o-background-size:cover;background-size:cover;padding: 0px 0px 0px 0px;\"><div class=\"fusion-text fusion-text-3\" style=\"transform:translate3d(0,0,0);\"><p style=\"text-align: justify;\"><span style=\"color: #808080;\">\u00a0 Um dos maiores lugares-comuns que ouvimos a respeito da solidariedade \u00e9 que, sem o estado \u2014 ou seja, sem uma ag\u00eancia coerciva que obriga as pessoas a pagarem impostos, os quais ser\u00e3o imediatamente gastos em prol dos mais necessitados \u2014, e sem essa redistribui\u00e7\u00e3o for\u00e7ada de renda comandada pelos burocratas do estado, os pobres seriam abandonados \u00e0 sua pr\u00f3pria sorte.\u00a0<\/span><\/p>\n<p style=\"text-align: justify;\"><span style=\"color: #808080;\">\u00a0 Pior ainda: sem o estado para tomar o dinheiro dos ricos, estes jamais abririam voluntariamente os cord\u00f5es de suas bolsas para ajudar os mais necessitados.<\/span><\/p>\n<p style=\"text-align: justify;\"><span style=\"color: #808080;\">\u00a0 O problema \u00e9 que tanto a l\u00f3gica quanto os pr\u00f3prios fatos emp\u00edricos n\u00e3o apenas contradizem essa afirma\u00e7\u00e3o, como, ali\u00e1s, confirmam o exato oposto.<\/span><\/p>\n<p style=\"text-align: justify;\"><span style=\"color: #808080;\">\u00a0 Comecemos diretamente pelos fatos<a name=\"_ftnref2\"><\/a>.<\/span><\/p>\n<p style=\"text-align: justify;\"><span style=\"color: #808080;\">\u00a0 Uma das maneiras de medir a solidariedade espont\u00e2nea \u2014 ou seja, a caridade \u2014 \u00e9 analisar o tempo e o dinheiro dedicados pelas pessoas ao voluntariado, isto \u00e9, a todo o tipo de atividades que t\u00eam um impacto direto sobre terceiros, sem que o prestador receba uma compensa\u00e7\u00e3o material em troca. \u00a0Neste caso, apoiaremo-nos sobre o\u00a0<a href=\"https:\/\/www.cafonline.org\/about-us\/publications\/2014-publications\/world-giving-index-2014\">World Giving Index<\/a>, que todos os anos apresenta um estudo sobre o voluntariado no mundo e que mede a porcentagem de pessoas que foram solid\u00e1rias espontaneamente.<\/span><\/p>\n<p style=\"text-align: justify;\"><span style=\"color: #808080;\">\u00a0 Apenas para esclarecer, o que o\u00a0<i>World Giving Index<\/i>\u00a0chama de &#8220;voluntariado&#8221; s\u00e3o pessoas que (1) doaram dinheiro a uma organiza\u00e7\u00e3o, (2) doaram tempo a uma organiza\u00e7\u00e3o ou (3) ajudaram um estranho ou desconhecido que necessitava de ajuda.\u00a0<\/span><\/p>\n<p style=\"text-align: justify;\"><span style=\"color: #808080;\">\u00a0 Eis um mapa do mundo para 2014:<\/span><\/p>\n<p style=\"text-align: justify;\"><img decoding=\"async\" class=\"aligncenter wp-image-15701\" src=\"https:\/\/xoandelugo.org\/wp-content\/uploads\/2017\/12\/136d8c897d794fa5a565581bf1ecba9b.png\" alt=\"\" width=\"504\" height=\"338\" srcset=\"https:\/\/xoandelugo.org\/wp-content\/uploads\/2017\/12\/136d8c897d794fa5a565581bf1ecba9b-200x134.png 200w, https:\/\/xoandelugo.org\/wp-content\/uploads\/2017\/12\/136d8c897d794fa5a565581bf1ecba9b-300x201.png 300w, https:\/\/xoandelugo.org\/wp-content\/uploads\/2017\/12\/136d8c897d794fa5a565581bf1ecba9b-400x268.png 400w, https:\/\/xoandelugo.org\/wp-content\/uploads\/2017\/12\/136d8c897d794fa5a565581bf1ecba9b-600x403.png 600w, https:\/\/xoandelugo.org\/wp-content\/uploads\/2017\/12\/136d8c897d794fa5a565581bf1ecba9b-768x515.png 768w, https:\/\/xoandelugo.org\/wp-content\/uploads\/2017\/12\/136d8c897d794fa5a565581bf1ecba9b-800x537.png 800w, https:\/\/xoandelugo.org\/wp-content\/uploads\/2017\/12\/136d8c897d794fa5a565581bf1ecba9b.png 945w\" sizes=\"(max-width: 504px) 100vw, 504px\" \/><\/p>\n<p style=\"text-align: justify;\"><span style=\"color: #808080;\">\u00a0<\/span><\/p>\n<p style=\"text-align: justify;\"><span style=\"color: #808080;\">\u00a0 Os pa\u00edses em vermelho s\u00e3o os mais caridosos.\u00a0 Os pa\u00edses em v\u00e1rios tons de amarelo v\u00eam em segundo lugar (quanto mais escuro o amarelo, mais caridoso).<\/span><\/p>\n<p style=\"text-align: justify;\"><span style=\"color: #808080;\">\u00a0 J\u00e1 os pa\u00edses em azul s\u00e3o os menos caridosos.\u00a0 Quanto mais escuro o azul, menos caridosa \u00e9 a popula\u00e7\u00e3o do pa\u00eds.<\/span><\/p>\n<p style=\"text-align: justify;\"><span style=\"color: #808080;\">\u00a0 Portanto, dentre os pa\u00edses mais caridosos \u2014 ou seja, pa\u00edses cuja popula\u00e7\u00e3o \u00e9 espontaneamente solid\u00e1ria \u2014 temos EUA, Canad\u00e1, Austr\u00e1lia, Nova Zel\u00e2ndia, Reino Unido, Holanda, Isl\u00e2ndia, e v\u00e1rios pa\u00edses do Sudeste Asi\u00e1tico.\u00a0 (A Su\u00ed\u00e7a est\u00e1 em branco, o que significa que ela n\u00e3o foi inclu\u00edda na pesquisa).<\/span><\/p>\n<p style=\"text-align: justify;\"><span style=\"color: #808080;\">\u00a0 Em segundo lugar entre os mais caridosos destacam-se Finl\u00e2ndia, Su\u00e9cia, Alemanha, \u00c1ustria, Eslov\u00eania, alguns pa\u00edses do Oriente M\u00e9dio, alguns pa\u00edses do Sudeste Asi\u00e1tico, \u00c1frica do Sul, Chile e Col\u00f4mbia.<\/span><\/p>\n<p style=\"text-align: justify;\"><span style=\"color: #808080;\">\u00a0 J\u00e1 dentre os menos caridosos destacam-se Brasil, Venezuela, Equador, Argentina, Paraguai, Peru, Portugal, Fran\u00e7a, It\u00e1lia, todos os do Leste Europeu, v\u00e1rios da \u00c1frica, R\u00fassia, Jap\u00e3o e China.<\/span><\/p>\n<p style=\"text-align: justify;\"><span style=\"color: #808080;\">\u00a0 Agora, comparemos esse mapa com o \u00edndice de liberdade econ\u00f4mica da\u00a0<i><a href=\"http:\/\/www.heritage.org\/index\/about\">Heritage Foundation<\/a><\/i>\u00a0e do\u00a0<i>Wall Street Jornal<\/i>.<\/span><\/p>\n<p style=\"text-align: justify;\"><span style=\"color: #808080;\">\u00a0 Este \u00edndice utiliza uma s\u00e9rie de indicadores que mensuram liberdade de empreender, livre com\u00e9rcio com o exterior, facilidade dada aos investimentos estrangeiros, tamanho dos gastos do governo, respeito \u00e0 propriedade privada, n\u00edvel da infla\u00e7\u00e3o de pre\u00e7os, entre outro<a name=\"_ftnref4\"><\/a>s.\u00a0 Por conseguinte, este \u00edndice mede o liberalismo econ\u00f4mico de um pa\u00eds. \u00a0<\/span><\/p>\n<p style=\"text-align: justify;\"><span style=\"color: #808080;\">\u00a0 Para 2014, os resultados globais s\u00e3o estes:<\/span><\/p>\n<p style=\"text-align: justify;\"><img decoding=\"async\" class=\"aligncenter wp-image-15702\" src=\"https:\/\/xoandelugo.org\/wp-content\/uploads\/2017\/12\/c7274c71ce26424d89956333d7840b5e.png\" alt=\"\" width=\"501\" height=\"241\" srcset=\"https:\/\/xoandelugo.org\/wp-content\/uploads\/2017\/12\/c7274c71ce26424d89956333d7840b5e-200x96.png 200w, https:\/\/xoandelugo.org\/wp-content\/uploads\/2017\/12\/c7274c71ce26424d89956333d7840b5e-300x144.png 300w, https:\/\/xoandelugo.org\/wp-content\/uploads\/2017\/12\/c7274c71ce26424d89956333d7840b5e-400x192.png 400w, https:\/\/xoandelugo.org\/wp-content\/uploads\/2017\/12\/c7274c71ce26424d89956333d7840b5e-600x289.png 600w, https:\/\/xoandelugo.org\/wp-content\/uploads\/2017\/12\/c7274c71ce26424d89956333d7840b5e-768x370.png 768w, https:\/\/xoandelugo.org\/wp-content\/uploads\/2017\/12\/c7274c71ce26424d89956333d7840b5e-800x385.png 800w, https:\/\/xoandelugo.org\/wp-content\/uploads\/2017\/12\/c7274c71ce26424d89956333d7840b5e-1024x493.png 1024w, https:\/\/xoandelugo.org\/wp-content\/uploads\/2017\/12\/c7274c71ce26424d89956333d7840b5e.png 1037w\" sizes=\"(max-width: 501px) 100vw, 501px\" \/><\/p>\n<p style=\"text-align: justify;\"><span style=\"color: #808080;\">\u00a0 Aqui, os pa\u00edses verdes s\u00e3o os mais economicamente livres (quanto mais escuro o verde, mais livre ele \u00e9.\u00a0 Dentre estes, destacam-se EUA, Canad\u00e1, Chile, Col\u00f4mbia, Reino Unido, Su\u00ed\u00e7a, Alemanha, \u00c1ustria, Holanda, Rep\u00fablica Tcheca, Est\u00f4nia, Litu\u00e2nia, todos os n\u00f3rdicos, Austr\u00e1lia e Nova Zel\u00e2ndia.<\/span><\/p>\n<p style=\"text-align: justify;\"><span style=\"color: #808080;\">\u00a0 J\u00e1 os pa\u00edses amarelos s\u00e3o os relativamente livres economicamente. Destaque para M\u00e9xico, Peru, Paraguai, Uruguai, Portugal, Espanha, Fran\u00e7a, It\u00e1lia, Leste Europeu e \u00c1frica do Sul<\/span><\/p>\n<p style=\"text-align: justify;\"><span style=\"color: #808080;\">\u00a0 J\u00e1 os pa\u00edses menos livres est\u00e3o em v\u00e1rios tons de vermelho e laranja.\u00a0 Quanto mais escuro, menos economicamente livre \u00e9 o pa\u00eds.\u00a0 Destaque para Brasil, Venezuela, Argentina, Bol\u00edvia, Equador, quase todos da \u00c1frica, e todo o bloco que vai da R\u00fassia \u00e0 \u00cdndia.<\/span><\/p>\n<p style=\"text-align: justify;\"><span style=\"color: #808080;\">\u00a0 Agora os dois mapas em conjunto (lembrando que, no mapa da caridade, o primeiro, vermelho \u00e9 algo positivo e no da liberdade econ\u00f4mica, o negativo):<\/span><\/p>\n<p style=\"text-align: justify;\"><img decoding=\"async\" class=\"aligncenter wp-image-15701\" src=\"https:\/\/xoandelugo.org\/wp-content\/uploads\/2017\/12\/136d8c897d794fa5a565581bf1ecba9b.png\" alt=\"\" width=\"503\" height=\"337\" srcset=\"https:\/\/xoandelugo.org\/wp-content\/uploads\/2017\/12\/136d8c897d794fa5a565581bf1ecba9b-200x134.png 200w, https:\/\/xoandelugo.org\/wp-content\/uploads\/2017\/12\/136d8c897d794fa5a565581bf1ecba9b-300x201.png 300w, https:\/\/xoandelugo.org\/wp-content\/uploads\/2017\/12\/136d8c897d794fa5a565581bf1ecba9b-400x268.png 400w, https:\/\/xoandelugo.org\/wp-content\/uploads\/2017\/12\/136d8c897d794fa5a565581bf1ecba9b-600x403.png 600w, https:\/\/xoandelugo.org\/wp-content\/uploads\/2017\/12\/136d8c897d794fa5a565581bf1ecba9b-768x515.png 768w, https:\/\/xoandelugo.org\/wp-content\/uploads\/2017\/12\/136d8c897d794fa5a565581bf1ecba9b-800x537.png 800w, https:\/\/xoandelugo.org\/wp-content\/uploads\/2017\/12\/136d8c897d794fa5a565581bf1ecba9b.png 945w\" sizes=\"(max-width: 503px) 100vw, 503px\" \/> <img decoding=\"async\" class=\"aligncenter wp-image-15702\" src=\"https:\/\/xoandelugo.org\/wp-content\/uploads\/2017\/12\/c7274c71ce26424d89956333d7840b5e.png\" alt=\"\" width=\"503\" height=\"242\" srcset=\"https:\/\/xoandelugo.org\/wp-content\/uploads\/2017\/12\/c7274c71ce26424d89956333d7840b5e-200x96.png 200w, https:\/\/xoandelugo.org\/wp-content\/uploads\/2017\/12\/c7274c71ce26424d89956333d7840b5e-300x144.png 300w, https:\/\/xoandelugo.org\/wp-content\/uploads\/2017\/12\/c7274c71ce26424d89956333d7840b5e-400x192.png 400w, https:\/\/xoandelugo.org\/wp-content\/uploads\/2017\/12\/c7274c71ce26424d89956333d7840b5e-600x289.png 600w, https:\/\/xoandelugo.org\/wp-content\/uploads\/2017\/12\/c7274c71ce26424d89956333d7840b5e-768x370.png 768w, https:\/\/xoandelugo.org\/wp-content\/uploads\/2017\/12\/c7274c71ce26424d89956333d7840b5e-800x385.png 800w, https:\/\/xoandelugo.org\/wp-content\/uploads\/2017\/12\/c7274c71ce26424d89956333d7840b5e-1024x493.png 1024w, https:\/\/xoandelugo.org\/wp-content\/uploads\/2017\/12\/c7274c71ce26424d89956333d7840b5e.png 1037w\" sizes=\"(max-width: 503px) 100vw, 503px\" \/><\/p>\n<p style=\"text-align: justify;\"><span style=\"color: #808080;\">\u00a0 Como \u00e9 poss\u00edvel constatar, existe uma correla\u00e7\u00e3o bastante forte entre mais liberalismo econ\u00f4mico e mais voluntariado.<\/span><\/p>\n<p style=\"text-align: justify;\"><span style=\"color: #808080;\">\u00a0 No entanto, o leitor mais c\u00e9tico poder\u00e1 retorquir dizendo que tamb\u00e9m poder\u00edamos comparar o gr\u00e1fico do voluntariado com o de riqueza por habitante, com o de porcentagem de protestantes ou ainda com o do tamanho m\u00e9dio do \u00f3rg\u00e3o sexual, e ainda assim constataremos que, quanto mais elevadas essas estat\u00edsticas (menos para a \u00faltima), mais voluntariado haver\u00e1. \u00a0Logo, ser\u00e1 generoso, em m\u00e9dia, quem for abastado, protestante e mediamente constitu\u00eddo.<\/span><\/p>\n<p style=\"text-align: justify;\"><span style=\"color: #808080;\">\u00a0 Pode ser.\u00a0 Afinal, como disse o jornalista canadense\u00a0<a href=\"https:\/\/fr.wikipedia.org\/wiki\/Jean_Dion\">Jean Dion<\/a>, &#8220;as estat\u00edsticas s\u00e3o para os analistas o que os postes de ilumina\u00e7\u00e3o s\u00e3o para os embriagados: fornecem muito mais um apoio que um esclarecimento&#8221;.\u00a0 Sim, as estat\u00edsticas utilizadas t\u00eam obviamente as suas falhas e n\u00e3o podem nos explicar, por si s\u00f3s, toda a realidade.<\/span><\/p>\n<p style=\"text-align: justify;\"><span style=\"color: #808080;\">\u00a0 No entanto, mesmo o leitor mais c\u00e9tico tem de ter reparado que os pa\u00edses mais ricos s\u00e3o tamb\u00e9m os mais generosos. Isso \u00e9 indiscut\u00edvel.\u00a0 Nesse caso, parece que, parodiando Jean Dion, o poste de ilumina\u00e7\u00e3o ilumina tanto quanto serve de apoio.<\/span><\/p>\n<p style=\"text-align: justify;\"><span style=\"color: #808080;\">\u00a0 Por\u00e9m, para uma an\u00e1lise mais completa, passemos agora \u00e0 l\u00f3gica: qual \u00e9 a raz\u00e3o que dita que mais liberdade econ\u00f4mica significar\u00e1 tamb\u00e9m mais caridade?<\/span><\/p>\n<p style=\"text-align: justify;\"><span style=\"color: #808080;\"><b>\u00a0 A sociologia por tr\u00e1s do altru\u00edsmo<\/b><\/span><\/p>\n<p style=\"text-align: justify;\"><span style=\"color: #808080;\">\u00a0Em uma sociedade livre, o grau de responsabilidade individual tem de ser elevado.\u00a0 E \u00e9 assim pela simples raz\u00e3o de que o corol\u00e1rio da liberdade \u00e9 a responsabilidade. (Quando existe liberdade sem responsabilidade, h\u00e1 apenas uma licenciosidade).\u00a0<\/span><\/p>\n<p style=\"text-align: justify;\"><span style=\"color: #808080;\">\u00a0 Consequentemente, em uma sociedade livre, as pessoas t\u00eam de ter elas pr\u00f3prias a responsabilidade de se precaverem e de se salvaguardarem.\u00a0 S\u00e3o elas que t\u00eam de assumir sozinhas as consequ\u00eancias de suas decis\u00f5es. Essa no\u00e7\u00e3o de que elas t\u00eam de se cuidar para o futuro \u2014 t\u00e3o estranha a n\u00f3s de ascend\u00eancia latina \u2014 as impulsiona a serem mais precavidas desde cedo.\u00a0 Incentiva, por exemplo, as pessoas a pouparem mais, a fazerem seguros de vida, a fazerem planos financeiros para suas aposentadorias etc.\u00a0\u00a0<\/span><\/p>\n<p style=\"text-align: justify;\"><span style=\"color: #808080;\">\u00a0 Isso, por si s\u00f3, j\u00e1 estimula um comportamento mais soberbo e austero, estimulando atitudes que visam a um horizonte temporal de longo prazo e desestimulando atitudes que visam apenas ao curto prazo.<\/span><\/p>\n<p style=\"text-align: justify;\"><span style=\"color: #808080;\">\u00a0 Adicionalmente, como praticamente todos os indiv\u00edduos t\u00eam, arraigados em si, um altru\u00edsmo natural, e dado que a press\u00e3o social tende tamb\u00e9m a recha\u00e7ar os ego\u00edstas prim\u00e1rios, em uma sociedade liberal as pessoas sentem uma maior necessidade de ajudar ao pr\u00f3ximo.\u00a0 N\u00e3o \u00e9 uma press\u00e3o exatamente coerciva, mas sim aquela obriga\u00e7\u00e3o\u00a0<i>moral<\/i>\u00a0de ajudar quem necessita.\u00a0<\/span><\/p>\n<p style=\"text-align: justify;\"><span style=\"color: #808080;\">\u00a0 E \u00e9 assim porque, em primeiro lugar, elas sentem que, se n\u00e3o fizerem nada para ajudar os destitu\u00eddos, estes ser\u00e3o abandonados \u00e0 pr\u00f3pria sorte, o que choca com o seu altru\u00edsmo natural.\u00a0<\/span><\/p>\n<p style=\"text-align: justify;\"><span style=\"color: #808080;\">\u00a0 Em uma sociedade economicamente menos livre, o estado j\u00e1 se arvorou \u00e0 fun\u00e7\u00e3o de ajudar os necessitados.\u00a0 As pessoas simplesmente pensam: &#8220;eu j\u00e1 pago meus impostos e o estado j\u00e1 tem seus programas sociais. Logo, estou moralmente desobrigado de ajudar os outros&#8221;.<\/span><\/p>\n<p style=\"text-align: justify;\"><span style=\"color: #808080;\">\u00a0 Em segundo lugar, dado que muitas destas pessoas altru\u00edstas j\u00e1 ter\u00e3o passado por situa\u00e7\u00f5es dif\u00edceis \u2014 e, na ocasi\u00e3o, foram socorridas pelo voluntarismo de terceiros \u2014, elas se sentem devedoras e agir\u00e3o igualmente assim para com os outros desvalidos.<\/span><\/p>\n<p style=\"text-align: justify;\"><span style=\"color: #808080;\">\u00a0 Em terceiro lugar, como os pr\u00f3prios desvalidos sabem que est\u00e3o sendo ajudados por terceiros, sem que estes n\u00e3o tenham nenhuma obriga\u00e7\u00e3o legal de faz\u00ea-lo, isso implica que, se os auxiliados abusarem da bondade dos outros, um dia poder\u00e3o j\u00e1 n\u00e3o mais se beneficiar dela.\u00a0 Uma coisa \u00e9 ter ajudas pontuais para se reerguer.\u00a0 Outra coisa \u00e9 ficar completamente encostado sem se esfor\u00e7ar.\u00a0 Consequentemente, essas mesmas pessoas sob assist\u00eancia tender\u00e3o a fazer de tudo para sair da situa\u00e7\u00e3o dif\u00edcil em que atualmente se encontram.<\/span><\/p>\n<p style=\"text-align: justify;\"><span style=\"color: #808080;\">\u00a0 Por outro lado, se o governo se arroga o papel de cobrar impostos para cuidar de todos para sempre, haver\u00e1 o est\u00edmulo \u00e0 indol\u00eancia e \u00e0 improdutividade.<\/span><\/p>\n<p style=\"text-align: justify;\"><span style=\"color: #808080;\">\u00a0 Por \u00faltimo, e por tudo descrito acima, os pr\u00f3prios caridosos sabem tamb\u00e9m que os auxiliados t\u00eam o interesse de se aprumar o mais rapidamente poss\u00edvel, pois n\u00e3o ser\u00e1 poss\u00edvel viver pendurado para sempre na caridade de terceiros.\u00a0 Logo, os caridosos sabem que os auxiliados n\u00e3o ir\u00e3o abusar, caso contr\u00e1rio perder\u00e3o todos os aux\u00edlios.\u00a0 Consequentemente, os caridosos estar\u00e3o dispostos a ajudar mais, exatamente porque sabem que, em caso de abuso, sempre poder\u00e3o se retirar.<\/span><\/p>\n<p style=\"text-align: justify;\"><span style=\"color: #808080;\"><b>\u00a0 Conclus\u00e3o<\/b><\/span><\/p>\n<p style=\"text-align: justify;\"><span style=\"color: #808080;\">\u00a0 N\u00e3o apenas a teoria, como a pr\u00f3pria empiria, confirma que voluntariado e caridade andam juntos com liberdade econ\u00f4mica.\u00a0<\/span><\/p>\n<p style=\"text-align: justify;\"><span style=\"color: #808080;\">\u00a0 Uma sociedade livre tem os seus pr\u00f3prios mecanismos naturais de solidariedade\u00a0e estes s\u00e3o pouco vis\u00edveis agora, para n\u00f3s, precisamente porque um\u00a0estado gigante j\u00e1\u00a0monopolizou a assist\u00eancia social absorvendo os recursos da sociedade civil que seriam destinados a esses fins. &#8220;Por que farei caridade se j\u00e1 pago impostos para que o estado fa\u00e7a a caridade por mim?&#8221;<\/span><\/p>\n<p style=\"text-align: justify;\"><span style=\"color: #808080;\">\u00a0 Creio n\u00e3o ser necess\u00e1rio explicar por que um sistema coercivo gerenciado por um estado que promete cuidados do ber\u00e7o ao t\u00famulo incentiva mais o ego\u00edsmo e o abuso da generosidade alheia.<\/span><\/p>\n<p style=\"text-align: justify;\"><span style=\"color: #808080;\">\u00a0<\/span><\/p>\n<\/div><\/div><\/div><style type=\"text\/css\">.fusion-body .fusion-builder-column-1{width:100% !important;margin-top : 0px;margin-bottom : 20px;}.fusion-builder-column-1 > .fusion-column-wrapper {padding-top : 0px !important;padding-right : 0px !important;margin-right : 0px;padding-bottom : 0px !important;padding-left : 0px !important;margin-left : 0px;}@media only screen and (max-width:1024px) {.fusion-body .fusion-builder-column-1{width:100% !important;}.fusion-builder-column-1 > .fusion-column-wrapper {margin-right : 0px;margin-left : 0px;}}@media only screen and (max-width:640px) {.fusion-body .fusion-builder-column-1{width:100% !important;}.fusion-builder-column-1 > .fusion-column-wrapper {margin-right : 0px;margin-left : 0px;}}<\/style><div class=\"fusion-layout-column fusion_builder_column fusion-builder-column-2 fusion_builder_column_1_1 1_1 fusion-flex-column\"><div class=\"fusion-column-wrapper fusion-flex-justify-content-flex-start fusion-content-layout-column\" style=\"background-position:left top;background-repeat:no-repeat;-webkit-background-size:cover;-moz-background-size:cover;-o-background-size:cover;background-size:cover;padding: 0px 0px 0px 0px;\"><div class=\"fusion-separator fusion-full-width-sep\" style=\"align-self: center;margin-left: auto;margin-right: auto;width:100%;\"><div class=\"fusion-separator-border sep-double sep-solid\" style=\"border-color:#ffeb3b;border-top-width:1px;border-bottom-width:1px;\"><\/div><\/div><div class=\"fusion-text fusion-text-4\" style=\"transform:translate3d(0,0,0);\"><p>&nbsp;<\/p>\n<p>&nbsp;<\/p>\n<\/div><div class=\"fusion-text fusion-text-5\" style=\"transform:translate3d(0,0,0);\"><pre><span style=\"color: #999999;\">*Artigo cedido polo Instituto Mises Brasil.<\/span><\/pre>\n<\/div><\/div><\/div><style type=\"text\/css\">.fusion-body .fusion-builder-column-2{width:100% !important;margin-top : 0px;margin-bottom : 20px;}.fusion-builder-column-2 > .fusion-column-wrapper {padding-top : 0px !important;padding-right : 0px !important;margin-right : 0px;padding-bottom : 0px !important;padding-left : 0px !important;margin-left : 0px;}@media only screen and (max-width:1024px) {.fusion-body .fusion-builder-column-2{width:100% !important;}.fusion-builder-column-2 > .fusion-column-wrapper {margin-right : 0px;margin-left : 0px;}}@media only screen and (max-width:640px) {.fusion-body .fusion-builder-column-2{width:100% !important;}.fusion-builder-column-2 > .fusion-column-wrapper {margin-right : 0px;margin-left : 0px;}}<\/style><\/div><style type=\"text\/css\">.fusion-body .fusion-flex-container.fusion-builder-row-1{ padding-top : 0px;margin-top : 0px;padding-right : 0px;padding-bottom : 0px;margin-bottom : 0px;padding-left : 0px;}<\/style><\/div>\n","protected":false},"excerpt":{"rendered":"","protected":false},"author":1,"featured_media":0,"comment_status":"open","ping_status":"open","sticky":false,"template":"","format":"standard","meta":{"footnotes":""},"categories":[16],"tags":[],"class_list":["post-15710","post","type-post","status-publish","format-standard","hentry","category-artigos-cy"],"_links":{"self":[{"href":"https:\/\/xoandelugo.org\/cy\/wp-json\/wp\/v2\/posts\/15710","targetHints":{"allow":["GET"]}}],"collection":[{"href":"https:\/\/xoandelugo.org\/cy\/wp-json\/wp\/v2\/posts"}],"about":[{"href":"https:\/\/xoandelugo.org\/cy\/wp-json\/wp\/v2\/types\/post"}],"author":[{"embeddable":true,"href":"https:\/\/xoandelugo.org\/cy\/wp-json\/wp\/v2\/users\/1"}],"replies":[{"embeddable":true,"href":"https:\/\/xoandelugo.org\/cy\/wp-json\/wp\/v2\/comments?post=15710"}],"version-history":[{"count":3,"href":"https:\/\/xoandelugo.org\/cy\/wp-json\/wp\/v2\/posts\/15710\/revisions"}],"predecessor-version":[{"id":15713,"href":"https:\/\/xoandelugo.org\/cy\/wp-json\/wp\/v2\/posts\/15710\/revisions\/15713"}],"wp:attachment":[{"href":"https:\/\/xoandelugo.org\/cy\/wp-json\/wp\/v2\/media?parent=15710"}],"wp:term":[{"taxonomy":"category","embeddable":true,"href":"https:\/\/xoandelugo.org\/cy\/wp-json\/wp\/v2\/categories?post=15710"},{"taxonomy":"post_tag","embeddable":true,"href":"https:\/\/xoandelugo.org\/cy\/wp-json\/wp\/v2\/tags?post=15710"}],"curies":[{"name":"wp","href":"https:\/\/api.w.org\/{rel}","templated":true}]}}