{"id":15310,"date":"2017-09-08T19:49:55","date_gmt":"2017-09-08T17:49:55","guid":{"rendered":"https:\/\/xoandelugo.org\/?p=15310\/"},"modified":"2017-09-08T19:50:32","modified_gmt":"2017-09-08T17:50:32","slug":"o-estado-da-sindrome-de-estocolmo-johel-rodrigues","status":"publish","type":"post","link":"https:\/\/xoandelugo.org\/cy\/o-estado-da-sindrome-de-estocolmo-johel-rodrigues\/","title":{"rendered":"O ESTADO DA S\u00cdNDROME DE ESTOCOLMO. Johel Rodrigues"},"content":{"rendered":"<div class=\"fusion-fullwidth fullwidth-box fusion-builder-row-1 fusion-flex-container nonhundred-percent-fullwidth non-hundred-percent-height-scrolling\" style=\"background-color: rgba(255,255,255,0);background-position: center center;background-repeat: no-repeat;border-width: 0px 0px 0px 0px;border-color:#e2e2e2;border-style:solid;\" ><div class=\"fusion-builder-row fusion-row fusion-flex-align-items-flex-start\" style=\"max-width:calc( 1200px + 0px );margin-left: calc(-0px \/ 2 );margin-right: calc(-0px \/ 2 );\"><div class=\"fusion-layout-column fusion_builder_column fusion-builder-column-0 fusion_builder_column_1_1 1_1 fusion-flex-column\"><div class=\"fusion-column-wrapper fusion-flex-justify-content-flex-start fusion-content-layout-column\" style=\"background-position:left top;background-repeat:no-repeat;-webkit-background-size:cover;-moz-background-size:cover;-o-background-size:cover;background-size:cover;padding: 0px 0px 0px 0px;\"><div class=\"fusion-text fusion-text-1\" style=\"transform:translate3d(0,0,0);\"><h1 style=\"text-align: center;\"><span style=\"color: #428fc9;\">O ESTADO DA S\u00cdNDROME DE ESTOCOLMO<\/span><\/h1>\n<p>&nbsp;<\/p>\n<\/div><div class=\"fusion-text fusion-text-2\" style=\"transform:translate3d(0,0,0);\"><h4 style=\"text-align: right;\"><span style=\"color: #428fc9;\"><em>\u00a0 \u00a0 &#8211; Johel Rodrigues &#8211; \u00a0<\/em><\/span><\/h4>\n<p>&nbsp;<\/p>\n<p>&nbsp;<\/p>\n<\/div><div class=\"fusion-separator fusion-full-width-sep\" style=\"align-self: center;margin-left: auto;margin-right: auto;width:100%;\"><div class=\"fusion-separator-border sep-single sep-solid\" style=\"border-color:#ffe500;border-top-width:1px;\"><\/div><\/div><\/div><\/div><style type=\"text\/css\">.fusion-body .fusion-builder-column-0{width:100% !important;margin-top : 0px;margin-bottom : 20px;}.fusion-builder-column-0 > .fusion-column-wrapper {padding-top : 0px !important;padding-right : 0px !important;margin-right : 0px;padding-bottom : 0px !important;padding-left : 0px !important;margin-left : 0px;}@media only screen and (max-width:1024px) {.fusion-body .fusion-builder-column-0{width:100% !important;}.fusion-builder-column-0 > .fusion-column-wrapper {margin-right : 0px;margin-left : 0px;}}@media only screen and (max-width:640px) {.fusion-body .fusion-builder-column-0{width:100% !important;}.fusion-builder-column-0 > .fusion-column-wrapper {margin-right : 0px;margin-left : 0px;}}<\/style><div class=\"fusion-layout-column fusion_builder_column fusion-builder-column-1 fusion_builder_column_1_1 1_1 fusion-flex-column\"><div class=\"fusion-column-wrapper fusion-flex-justify-content-flex-start fusion-content-layout-column\" style=\"background-position:left top;background-repeat:no-repeat;-webkit-background-size:cover;-moz-background-size:cover;-o-background-size:cover;background-size:cover;padding: 0px 0px 0px 0px;\"><div class=\"fusion-text fusion-text-3\" style=\"transform:translate3d(0,0,0);\"><p style=\"text-align: justify;\"><span style=\"color: #808080;\">Quando se pergunta o que um pol\u00edtico fez em seu mandato para justificar sua reelei\u00e7\u00e3o, \u00e9 muito comum ouvir que tal pol\u00edtico ampliou a quantidade de pessoas beneficiadas pelo bolsa-fam\u00edlia, construiu mais hospitais p\u00fablicos, trouxe mais unidades do SUS para a cidade, instituiu escolas p\u00fablicas voltadas para atender \u00e0s necessidades especiais de crian\u00e7as marginalizadas, aprovou a lei de cotas para minorias ou desprivilegiados, aumentou o seguro-desemprego, manteve o n\u00edvel dos pre\u00e7os dos transportes p\u00fablicos ou ainda que aumentou o policiamento na cidade para a guerra ao tr\u00e1fico, trazendo maior sensa\u00e7\u00e3o de seguran\u00e7a \u00e0 popula\u00e7\u00e3o.<\/span><\/p>\n<p style=\"text-align: justify;\"><span style=\"color: #808080;\">Chega quase a ser veross\u00edmil acreditar que \u00e9 desumano votar contra esses pol\u00edticos e n\u00e3o ser a favor de medidas como as listadas anteriormente, as quais n\u00e3o seriam poss\u00edveis sem o aparato p\u00fablico.<\/span><\/p>\n<p style=\"text-align: justify;\"><span style=\"color: #808080;\">Sim, \u00e9 verdade, as medidas que caracterizam o estado do &#8220;bem-estar-social&#8221; n\u00e3o seriam poss\u00edveis sem este aparato, pois \u00e9 este justamente o respons\u00e1vel pelas a\u00e7\u00f5es cujas consequ\u00eancias tornam necess\u00e1ria a pr\u00f3pria interven\u00e7\u00e3o estatal.<\/span><\/p>\n<p style=\"text-align: justify;\"><span style=\"color: #808080;\">Confuso? Pois ent\u00e3o veja a semelhan\u00e7a entre as consequ\u00eancias de algumas pol\u00edticas p\u00fablicas e o quadro psicol\u00f3gico desenvolvido por pessoas v\u00edtimas de sequestro, v\u00edtimas dos cen\u00e1rios de guerra ou submetidas \u00e0 grave viol\u00eancia dom\u00e9stica ou familiar. Esse quadro \u00e9 mais comumente conhecido pelo nome de S\u00edndrome do Estocolmo e \u00e9 bem caracterizado pelo trecho a seguir extra\u00eddo da Wikip\u00e9dia:<\/span><\/p>\n<p style=\"text-align: justify;\"><span style=\"color: #808080;\">\u00a0<\/span><\/p>\n<p style=\"text-align: justify;\"><span style=\"color: #808080;\">As v\u00edtimas come\u00e7am por identificar-se emocionalmente com os sequestradores, a princ\u00edpio como mecanismo de defesa, por medo de retalia\u00e7\u00e3o e\/ou viol\u00eancia. Pequenos gestos gentis por parte dos captores s\u00e3o frequentemente amplificados porque, do ponto de vista do ref\u00e9m \u00e9 muito dif\u00edcil, sen\u00e3o imposs\u00edvel, ter uma vis\u00e3o clara da realidade nessas circunst\u00e2ncias e conseguir mensurar o perigo real. As tentativas de liberta\u00e7\u00e3o, s\u00e3o, por esse motivo, vistas como uma amea\u00e7a, porque o ref\u00e9m pode correr o risco de ser magoado.<\/span><\/p>\n<p style=\"text-align: justify;\"><span style=\"color: #808080;\">\u00a0<\/span><\/p>\n<p style=\"text-align: justify;\"><span style=\"color: #808080;\">O fato \u00e9 que as engrenagens que movem esse aparato pol\u00edtico t\u00eam dentes pequenos, mas afiados. As reentr\u00e2ncias compartimentadas em forma de aus\u00eancia de informa\u00e7\u00e3o s\u00e3o t\u00e3o min\u00fasculas que tornam quase imposs\u00edvel \u00e0s v\u00edtimas conseguirem discernir a realidade, isto \u00e9, as causas daquilo que torna a situa\u00e7\u00e3o t\u00e3o penosa para elas.<\/span><\/p>\n<p style=\"text-align: justify;\"><span style=\"color: #808080;\">\u00a0<\/span><\/p>\n<p style=\"text-align: justify;\"><span style=\"color: #808080;\">\u00c9 muito compreens\u00edvel, ent\u00e3o, que o seguro-desemprego seja t\u00e3o desej\u00e1vel quando existem in\u00fameros impostos\/&#8221;contribui\u00e7\u00f5es&#8221; e uma liberdade contratual t\u00e3o escassa, tornando o processo de contrata\u00e7\u00e3o\/demiss\u00e3o e abertura de novas empresas t\u00e3o demorada e custosa, que fica quase impratic\u00e1vel algu\u00e9m sair do trabalho atual para um novo em um curto per\u00edodo. Torna-se ainda mais compreens\u00edvel quando a v\u00edtima \u00e9 auxiliada por tal seguro, afinal \u00e9 esta ferramenta que a impediu de sofrer priva\u00e7\u00f5es nesse per\u00edodo de transa\u00e7\u00e3o.<\/span><\/p>\n<p style=\"text-align: justify;\"><span style=\"color: #808080;\">\u00c9 completamente plaus\u00edvel a v\u00edtima ser a favor de a\u00e7\u00f5es de &#8220;distribui\u00e7\u00f5es de renda&#8221;, quando o governo paga seus t\u00edtulos imprimindo dinheiro, distorcendo e inflacionando os pre\u00e7os no mercado, e quando tributa acentuadamente produtos aliment\u00edcios. Torna-se at\u00e9 quase irrefut\u00e1vel quando o benfeitor governo subsidia grandes fazendeiros de modo a tornar a nossa comida mais barata para o exterior e mais cara para o consumidor nacional!<\/span><\/p>\n<p style=\"text-align: justify;\"><span style=\"color: #808080;\">\u00c9 inteiramente fact\u00edvel a v\u00edtima ser a favor de pol\u00edticos que mantenham o pre\u00e7o das passagens de \u00f4nibus, quando estes tomam sua renda e a usam para subsidiar uma gasolina taxada em mais de 100% sobre o custo e, ainda assim, cada vez mais aguada. \u00c9 s\u00f3 voc\u00ea imaginar o quanto essa tributa\u00e7\u00e3o \u00e9 convertida em ruas esburacadas e engarrafamentos grotescos que voc\u00ea come\u00e7a a entender que isso \u00e9 o m\u00ednimo que se pode pedir em um ambiente em que a iniciativa privada praticamente n\u00e3o tem atua\u00e7\u00e3o, o transporte coletivo.<\/span><\/p>\n<p style=\"text-align: justify;\"><span style=\"color: #808080;\">Chega a doer os olhos, assim como d\u00f3i quando voc\u00ea fica muito tempo no escuro e v\u00ea a luz exterior, de t\u00e3o claro que \u00e9 o fato de o sistema p\u00fablico de sa\u00fade ser imprescind\u00edvel quando o cidad\u00e3o de baixa renda possui p\u00e9ssimas condi\u00e7\u00f5es de saneamento, esgoto, se alimenta mal, fica estressado no tr\u00e2nsito e carece de servi\u00e7os de preven\u00e7\u00e3o m\u00e9dica.<\/span><\/p>\n<p style=\"text-align: justify;\"><span style=\"color: #808080;\">Emociona, assim como emociona ouvir o canto dos p\u00e1ssaros depois de nada mais ter escutado que sil\u00eancio e pensamentos sombrios na sua cabe\u00e7a, o bravo clamor \u00e0 igualdade de oportunidades que \u00e9 propiciada pelo estado por meio de cotas, quando se \u00e9 ref\u00e9m de um sistema p\u00fablico b\u00e1sico, fundamental e m\u00e9dio de ensino de p\u00e9ssima qualidade que por si s\u00f3 \u00e9 um dos principais respons\u00e1veis pela manuten\u00e7\u00e3o da pobreza, da imobilidade econ\u00f4mica de certos indiv\u00edduos e pela atratividade de atividades il\u00edcitas em um ambiente em que ser honesto exige cada vez mais sacrif\u00edcios.<\/span><\/p>\n<p style=\"text-align: justify;\"><span style=\"color: #808080;\">\u00c9 t\u00e3o palp\u00e1vel a viol\u00eancia causada pelo tr\u00e1fico de drogas, a qual se materializa em diversos roubos e assassinatos, que se torna absolutamente plaus\u00edvel ser a favor da proibi\u00e7\u00e3o do consumo de entorpecentes e a favor da guerra \u00e0s drogas. \u00c9 completamente compreens\u00edvel (e aqui, como nos par\u00e1grafos anteriores, falo com toda sinceridade) ser a favor da proibi\u00e7\u00e3o quando voc\u00ea teve um parente v\u00edtima da viol\u00eancia causada pela guerra ao tr\u00e1fico ou v\u00edtima do v\u00edcio irrefre\u00e1vel das drogas. Sim, admito e me compade\u00e7o, podem acreditar; mas ainda assim \u00e9 necess\u00e1rio enxergar que quem lhe leva \u00e0 guerra \u00e9 o mesmo que lhe cede a arma e o condecora ao t\u00e9rmino, vivo ou morto. Quem combate o tr\u00e1fico \u00e9 o mesmo que confere a pessoas de m\u00e1 \u00edndole o monop\u00f3lio da comercializa\u00e7\u00e3o de drogas e, portanto, lhes confere poder.<\/span><\/p>\n<p style=\"text-align: justify;\"><span style=\"color: #808080;\">H\u00e1 indiv\u00edduos que argumentam, e esse tipo de argumento n\u00e3o prov\u00e9m de v\u00edtimas dessa situa\u00e7\u00e3o, que pessoas que est\u00e3o no estado de baixa renda n\u00e3o teriam condi\u00e7\u00f5es de ter suas necessidades atendidas pela iniciativa privada. Por\u00e9m, elas realmente o s\u00e3o agora pelo sistema p\u00fablico? Se a popula\u00e7\u00e3o n\u00e3o tem condi\u00e7\u00f5es de arcar com o custo de hospitais e escolas privadas, por que ela teria condi\u00e7\u00f5es de pagar, sumultaneamente, por p\u00e9ssimos hospitais, por p\u00e9ssimas escolas p\u00fablicas e, principalmente, por uma p\u00e9ssima administra\u00e7\u00e3o p\u00fablica para administr\u00e1-los? A iniciativa privada no \u00e2mbito principalmente da educa\u00e7\u00e3o, sa\u00fade e empreendedorismo \u00e9 realmente livre ou tamb\u00e9m \u00e9 ref\u00e9m, afinal?<\/span><\/p>\n<p style=\"text-align: justify;\"><span style=\"color: #808080;\">Para a \u00faltima pergunta, eu diria que sim, a iniciativa privada infelizmente tamb\u00e9m \u00e9 ref\u00e9m, mas \u00e9 uma v\u00edtima que talvez se torna menos alheia \u00e0 pr\u00f3pria situa\u00e7\u00e3o, e, mesmo sob condi\u00e7\u00f5es adversas, \u00e9 capaz de operar alguns milagres por ter uma janela de rea\u00e7\u00e3o maior. \u00c9 assim, sob condi\u00e7\u00f5es adversas ao empreendedorismo, que m\u00e9dicos do S\u00edrio e do Einstein abriram uma cl\u00ednica na entrada da favela de Heliop\u00f3lis, em S\u00e3o Paulo. \u00c9 assim, sob condi\u00e7\u00f5es que no Brasil denominamos de pen\u00faria, que em Gana pais ganhando cerca de cinquenta d\u00f3lares por semana preferem matricular seus filhos em escolas particulares \u00e0s p\u00fablicas dispon\u00edveis.<\/span><\/p>\n<p style=\"text-align: justify;\"><span style=\"color: #808080;\">A vis\u00e3o de quem foi v\u00edtima desse aprisionamento de id\u00e9ias, sem d\u00favida, merece ser respeitada, por\u00e9m urge que chamemos a aten\u00e7\u00e3o para o fato de que o melhor m\u00e9dico n\u00e3o \u00e9 necessariamente aquele que um dia contraiu a doen\u00e7a que est\u00e1 combatendo. A realidade, infelizmente, pode n\u00e3o ser a mesma para todos, mas a raz\u00e3o ainda segue ao lado daqueles que enxergam um pouco mais longe e conseguem vislumbrar o jogo por um \u00e2ngulo melhor. Daqueles que percebem isso a tempo antes de serem acometidos por esse estado nada saud\u00e1vel de coisas, o estado da S\u00edndrome de Estocolmo.<\/span><\/p>\n<\/div><\/div><\/div><style type=\"text\/css\">.fusion-body .fusion-builder-column-1{width:100% !important;margin-top : 0px;margin-bottom : 20px;}.fusion-builder-column-1 > .fusion-column-wrapper {padding-top : 0px !important;padding-right : 0px !important;margin-right : 0px;padding-bottom : 0px !important;padding-left : 0px !important;margin-left : 0px;}@media only screen and (max-width:1024px) {.fusion-body .fusion-builder-column-1{width:100% !important;}.fusion-builder-column-1 > .fusion-column-wrapper {margin-right : 0px;margin-left : 0px;}}@media only screen and (max-width:640px) {.fusion-body .fusion-builder-column-1{width:100% !important;}.fusion-builder-column-1 > .fusion-column-wrapper {margin-right : 0px;margin-left : 0px;}}<\/style><div class=\"fusion-layout-column fusion_builder_column fusion-builder-column-2 fusion_builder_column_1_1 1_1 fusion-flex-column\"><div class=\"fusion-column-wrapper fusion-flex-justify-content-flex-start fusion-content-layout-column\" style=\"background-position:left top;background-repeat:no-repeat;-webkit-background-size:cover;-moz-background-size:cover;-o-background-size:cover;background-size:cover;padding: 0px 0px 0px 0px;\"><div class=\"fusion-separator fusion-full-width-sep\" style=\"align-self: center;margin-left: auto;margin-right: auto;width:100%;\"><div class=\"fusion-separator-border sep-double sep-solid\" style=\"border-color:#ffeb3b;border-top-width:1px;border-bottom-width:1px;\"><\/div><\/div><div class=\"fusion-text fusion-text-4\" style=\"transform:translate3d(0,0,0);\"><pre><span style=\"color: #999999;\">*Art\u00edculo cedido por el Instituto Mises Brasil (versi\u00f3n portugu\u00e9s)<\/span><\/pre>\n<\/div><\/div><\/div><style type=\"text\/css\">.fusion-body .fusion-builder-column-2{width:100% !important;margin-top : 0px;margin-bottom : 20px;}.fusion-builder-column-2 > .fusion-column-wrapper {padding-top : 0px !important;padding-right : 0px !important;margin-right : 0px;padding-bottom : 0px !important;padding-left : 0px !important;margin-left : 0px;}@media only screen and (max-width:1024px) {.fusion-body .fusion-builder-column-2{width:100% !important;}.fusion-builder-column-2 > .fusion-column-wrapper {margin-right : 0px;margin-left : 0px;}}@media only screen and (max-width:640px) {.fusion-body .fusion-builder-column-2{width:100% !important;}.fusion-builder-column-2 > .fusion-column-wrapper {margin-right : 0px;margin-left : 0px;}}<\/style><\/div><style type=\"text\/css\">.fusion-body .fusion-flex-container.fusion-builder-row-1{ padding-top : 0px;margin-top : 0px;padding-right : 0px;padding-bottom : 0px;margin-bottom : 0px;padding-left : 0px;}<\/style><\/div>\n","protected":false},"excerpt":{"rendered":"","protected":false},"author":1,"featured_media":0,"comment_status":"open","ping_status":"open","sticky":false,"template":"","format":"standard","meta":{"footnotes":""},"categories":[16],"tags":[],"class_list":["post-15310","post","type-post","status-publish","format-standard","hentry","category-artigos-cy"],"_links":{"self":[{"href":"https:\/\/xoandelugo.org\/cy\/wp-json\/wp\/v2\/posts\/15310","targetHints":{"allow":["GET"]}}],"collection":[{"href":"https:\/\/xoandelugo.org\/cy\/wp-json\/wp\/v2\/posts"}],"about":[{"href":"https:\/\/xoandelugo.org\/cy\/wp-json\/wp\/v2\/types\/post"}],"author":[{"embeddable":true,"href":"https:\/\/xoandelugo.org\/cy\/wp-json\/wp\/v2\/users\/1"}],"replies":[{"embeddable":true,"href":"https:\/\/xoandelugo.org\/cy\/wp-json\/wp\/v2\/comments?post=15310"}],"version-history":[{"count":1,"href":"https:\/\/xoandelugo.org\/cy\/wp-json\/wp\/v2\/posts\/15310\/revisions"}],"predecessor-version":[{"id":15311,"href":"https:\/\/xoandelugo.org\/cy\/wp-json\/wp\/v2\/posts\/15310\/revisions\/15311"}],"wp:attachment":[{"href":"https:\/\/xoandelugo.org\/cy\/wp-json\/wp\/v2\/media?parent=15310"}],"wp:term":[{"taxonomy":"category","embeddable":true,"href":"https:\/\/xoandelugo.org\/cy\/wp-json\/wp\/v2\/categories?post=15310"},{"taxonomy":"post_tag","embeddable":true,"href":"https:\/\/xoandelugo.org\/cy\/wp-json\/wp\/v2\/tags?post=15310"}],"curies":[{"name":"wp","href":"https:\/\/api.w.org\/{rel}","templated":true}]}}