{"id":14150,"date":"2017-04-25T21:31:46","date_gmt":"2017-04-25T19:31:46","guid":{"rendered":"http:\/\/xoandelugo.org\/cy\/?p=14150"},"modified":"2017-04-30T11:53:24","modified_gmt":"2017-04-30T09:53:24","slug":"a-gran-estafa-detras-dos-dereitos-sociais-maria-marty","status":"publish","type":"post","link":"https:\/\/xoandelugo.org\/cy\/a-gran-estafa-detras-dos-dereitos-sociais-maria-marty\/","title":{"rendered":"A GRAN ESTAFA DETR\u00c1S DOS DEREITOS SOCIAIS &#8211; Mar\u00eda Marty"},"content":{"rendered":"<p><div class=\"fusion-fullwidth fullwidth-box fusion-builder-row-1 fusion-flex-container nonhundred-percent-fullwidth non-hundred-percent-height-scrolling\" style=\"background-color: rgba(255,255,255,0);background-position: left top;background-repeat: no-repeat;border-width: 0px 0px 0px 0px;border-color:#e2e2e2;border-style:solid;\" ><div class=\"fusion-builder-row fusion-row fusion-flex-align-items-flex-start\" style=\"max-width:calc( 1200px + 0px );margin-left: calc(-0px \/ 2 );margin-right: calc(-0px \/ 2 );\"><div class=\"fusion-layout-column fusion_builder_column fusion-builder-column-0 fusion_builder_column_1_1 1_1 fusion-flex-column fusion-flex-align-self-flex-start fusion-column-no-min-height\"><div class=\"fusion-column-wrapper fusion-flex-justify-content-flex-start fusion-content-layout-column\" style=\"background-position:left top;background-repeat:no-repeat;-webkit-background-size:cover;-moz-background-size:cover;-o-background-size:cover;background-size:cover;padding: 0px 0px 0px 0px;\"><div class=\"fusion-text fusion-text-1\" style=\"transform:translate3d(0,0,0);\"><h1 style=\"text-align: center;\"><span style=\"color: #428fc9;\">A GRAN ESTAFA DETR\u00c1S DOS DEREITOS SOCIAIS<\/span><\/h1>\n<\/div><div class=\"fusion-text fusion-text-2\" style=\"transform:translate3d(0,0,0);\"><h4 style=\"text-align: right;\"><span style=\"color: #428fc9;\"><em>&#8211; Mar\u00eda Marty &#8211;\u00a0<\/em><\/span><\/h4>\n<\/div><div class=\"fusion-separator fusion-full-width-sep\" style=\"align-self: center;margin-left: auto;margin-right: auto;width:100%;\"><div class=\"fusion-separator-border sep-single sep-solid\" style=\"border-color:#eeee22;border-top-width:1px;\"><\/div><\/div><\/div><\/div><style type=\"text\/css\">.fusion-body .fusion-builder-column-0{width:100% !important;margin-top : 0px;margin-bottom : 0px;}.fusion-builder-column-0 > .fusion-column-wrapper {padding-top : 0px !important;padding-right : 0px !important;margin-right : 0px;padding-bottom : 0px !important;padding-left : 0px !important;margin-left : 0px;}@media only screen and (max-width:1024px) {.fusion-body .fusion-builder-column-0{width:100% !important;}.fusion-builder-column-0 > .fusion-column-wrapper {margin-right : 0px;margin-left : 0px;}}@media only screen and (max-width:640px) {.fusion-body .fusion-builder-column-0{width:100% !important;}.fusion-builder-column-0 > .fusion-column-wrapper {margin-right : 0px;margin-left : 0px;}}<\/style><\/div><style type=\"text\/css\">.fusion-body .fusion-flex-container.fusion-builder-row-1{ padding-top : 20px;margin-top : 0px;padding-right : 0px;padding-bottom : 20px;margin-bottom : 0px;padding-left : 0px;}<\/style><\/div><div class=\"fusion-fullwidth fullwidth-box fusion-builder-row-2 fusion-flex-container nonhundred-percent-fullwidth non-hundred-percent-height-scrolling\" style=\"background-color: rgba(255,255,255,0);background-position: left top;background-repeat: no-repeat;border-width: 0px 0px 0px 0px;border-color:#e2e2e2;border-style:solid;\" ><div class=\"fusion-builder-row fusion-row fusion-flex-align-items-flex-start\" style=\"max-width:calc( 1200px + 0px );margin-left: calc(-0px \/ 2 );margin-right: calc(-0px \/ 2 );\"><div class=\"fusion-layout-column fusion_builder_column fusion-builder-column-1 fusion_builder_column_1_1 1_1 fusion-flex-column fusion-flex-align-self-flex-start fusion-column-no-min-height\"><div class=\"fusion-column-wrapper fusion-flex-justify-content-flex-start fusion-content-layout-column\" style=\"background-position:left top;background-repeat:no-repeat;-webkit-background-size:cover;-moz-background-size:cover;-o-background-size:cover;background-size:cover;padding: 0px 0px 0px 0px;\"><div class=\"fusion-text fusion-text-3\" style=\"transform:translate3d(0,0,0);\"><p style=\"text-align: justify;\"><span style=\"color: #808080;\">\u00a0 Lamento darlles a mala noticia. Por m\u00e1is que estean inclu\u00eddos nas Constituci\u00f3ns e por moito que os ratifique a ONU, non existen tales cousas como o dereito \u00e1 sa\u00fade, \u00e1 educaci\u00f3n, \u00e1 alimentaci\u00f3n, nin a unha vivenda digna; e podemos seguir enumerando un longo listado de \u2018dereitos\u2019 que non son verdadeiros dereitos, sen\u00f3n unha gran estafa instalada e perpetuada por aqueles que pretender facernos crer que alg\u00fans merecen vivir a costa doutros.<\/span><\/p>\n<p style=\"text-align: justify;\"><span style=\"color: #808080;\">\u00a0 Os dereitos sociais xorden como demanda cando comeza a oferta de bens ou servizos aos que un grupo desexa acceder sen a necesidade de intercambiar algo a cambio deles. No paleol\u00edtico, onde o \u00fanico que exist\u00eda eran cavernas, farrapos, paus, lume e homes tratando de sobrevivir, ningu\u00e9n saltaba a reclamar o seu dereito \u00e1 educaci\u00f3n ou \u00e1 sa\u00fade ou a unha vivenda digna. A resposta a semellante demanda ser\u00eda un golpe na cabeza.<\/span><\/p>\n<p style=\"text-align: justify;\"><span style=\"color: #808080;\">\u00a0 Na actualidade, en cambio, contamos con todo tipo de profesionais, produtos e servizos. Pero supo\u00f1amos que nun pobo afastado, ning\u00fan dos seus habitantes decidise ser m\u00e9dico ou mestre. Si partimos da base de que temos dereito \u00e1 educaci\u00f3n e \u00e1 sa\u00fade, \u00bfsignifica ent\u00f3n que poder\u00edamos obrigar a alg\u00fans dos seus habitantes a converterse en mestres e m\u00e9dicos? \u00bfSignifica que poder\u00edamos obrigar a alg\u00fan mestre ou m\u00e9dico doutro pobo ou cidade a mudarse para educar e curar aos seus habitantes?<\/span><\/p>\n<p style=\"text-align: justify;\"><span style=\"color: #808080;\">\u00a0 \u00bfSignifica, en xeral, que os mestres e m\u00e9dicos est\u00e1n obrigados a provernos os seus servizos, non importa si o desexan ou non ou si lles pagamos ou non?<\/span><\/p>\n<p style=\"text-align: justify;\"><span style=\"color: #808080;\">\u00a0 Todos debemos desenvolver actividades produtivas para poder pagar as contas e manter a nosa vida. Dicir que algu\u00e9n est\u00e1 obrigado a educarme, curarme ou constru\u00edrme unha vivenda en contra da s\u00faa vontade ou gratuitamente, \u00e9 o mesmo que dicir que estamos de acordo coa escravitude.<\/span><\/p>\n<p style=\"text-align: justify;\"><span style=\"color: #808080;\">\u00a0 Como \u00e9 obvio que a escravitude non funciona a longo prazo, atopouse o modo de disimulala. No canto de escravizar a un s\u00f3 por completo, escravizamos a todos un pouqui\u00f1o, dividindo a carga de manter estes \u2018dereitos\u2019 nun maior n\u00famero de v\u00edtimas. \u00bfComo? Obrigando a cada un a renunciar a unha porcentaxe do que produce, para poder satisfacer o \u2018dereito\u2019 de algu\u00e9n m\u00e1is. E como os \u2018dereitos sociais\u2019 sempre se inflacionan, a renuncia cada vez debe ser maior.<\/span><\/p>\n<p style=\"text-align: justify;\"><span style=\"color: #808080;\">\u00a0 \u00bfAlgunha vez pregunt\u00e1ronse que pasar\u00eda si a partir de agora o 100 % da poboaci\u00f3n deixase de producir e decidise esixir os seus dereitos sociais? \u00bfQuen os prover\u00eda? Un tende a crer que \u00e9 o Estado quen prov\u00e9 sa\u00fade, educaci\u00f3n ou vivenda. Pero o Estado non produce nada. S\u00f3 quita os recursos de quen si o fan.<\/span><\/p>\n<p style=\"text-align: justify;\"><span style=\"color: #808080;\">\u00a0 Os chamados dereitos sociais, para ser satisfeitos, esixen necesariamente que algu\u00e9n estea disposto a ofrecer os seus servizos gratu\u00edtos ou que algu\u00e9n estea disposto a pagalos por outro. Como ningu\u00e9n pode vivir do aire e ningu\u00e9n quere pagar a vida allea, hai s\u00f3 un modo de poder satisfacer os dereitos sociais: a punta de pistola.<\/span><\/p>\n<p style=\"text-align: justify;\"><span style=\"color: #808080;\">\u00a0 Ent\u00f3n si non me alcanza para pagar un m\u00e9dico, \u00bfsignifica que debo morrer? Si non me alcanza para pagar os estudos, \u00bfsignifica que non me poderei educar? Si non me alcanza para un teito, \u00bfsignifica que debo vivir \u00e1 intemperie?<\/span><\/p>\n<p style=\"text-align: justify;\"><span style=\"color: #808080;\">\u00a0 Por suposto que hai situaci\u00f3ns l\u00edmites como estas, onde hai persoas que non poden pagar o m\u00e1is b\u00e1sico, pero en xeral danse nos sistemas onde a farsa dos dereitos sociais (Cuba, Venezuela) imp\u00faxose por sobre os dereitos individuais. Nos pa\u00edses con maior respecto polos dereitos individuais, at\u00f3panse modos de resolver estas situaci\u00f3ns sen a intervenci\u00f3n do Estado nin a necesidade de v\u00edtimas, grazas ao respecto pola vida e a boa vontade da xente.<\/span><\/p>\n<p style=\"text-align: justify;\"><span style=\"color: #808080;\">\u00a0 \u00a0Axudar a algu\u00e9n nun caso de urxencia, curar a algu\u00e9n sen recibir di\u00f1eiro a cambio, alimentar a algu\u00e9n que est\u00e1 necesitado, son actos de xenerosidade que hai que agradecer. Pero nunca deber\u00edan ser imposici\u00f3ns que de non ser satisfeitas, son merecedoras de castigo.<\/span><\/p>\n<p style=\"text-align: justify;\"><span style=\"color: #808080;\">\u00a0 Os \u00fanicos dereitos reais que temos son o dereito \u00e1 vida, o dereito \u00e1 liberdade (que incl\u00fae o dereito \u00e1 procura da felicidade) e o dereito \u00e1 propiedade. O dereito \u00e1 vida non significa que algu\u00e9n m\u00e1is deber\u00e1 provela, sen\u00f3n que ningu\u00e9n deber\u00e1 violala.<\/span><\/p>\n<p style=\"text-align: justify;\"><span style=\"color: #808080;\">\u00a0 O dereito \u00e1 propiedade non significa que algu\u00e9n deber\u00e1 regalarnos unha casa, sen\u00f3n que poderemos exercer a nosa liberdade de acci\u00f3n para lograr unha. O \u00fanico que demandan estes dereitos \u00e9 respecto polos mesmos dereitos dos demais.<\/span><\/p>\n<p style=\"text-align: justify;\"><span style=\"color: #808080;\">\u00a0 Como dixo a fil\u00f3sofa Ayn Rand: \u201cCalquera suposto \u2018dereito\u2019 dun home que necesite que sexan violados os dereitos doutro, non \u00e9 nin pode ser un dereito. Ning\u00fan home pode ter dereito a impo\u00f1erlle unha obrigaci\u00f3n indesexada, un deber inmerecido ou unha servidume involuntaria a outro home\u201d.<\/span><\/p>\n<p style=\"text-align: justify;\"><span style=\"color: #808080;\">\u00a0 A pregunta que un sempre ten que facerse para descubrir si nos atopamos fronte a un verdadeiro dereito ou fronte a unha estafa \u00e9: \u00bfA costa de quen? \u00bfRequire algunha v\u00edtima? Por iso, a pr\u00f3xima vez que se atope cun defensor dos dereitos sociais, preg\u00fantelle directamente a quen planea sacrificar.<\/span><\/p>\n<\/div><\/div><\/div><style type=\"text\/css\">.fusion-body .fusion-builder-column-1{width:100% !important;margin-top : 0px;margin-bottom : 0px;}.fusion-builder-column-1 > .fusion-column-wrapper {padding-top : 0px !important;padding-right : 0px !important;margin-right : 0px;padding-bottom : 0px !important;padding-left : 0px !important;margin-left : 0px;}@media only screen and (max-width:1024px) {.fusion-body .fusion-builder-column-1{width:100% !important;}.fusion-builder-column-1 > .fusion-column-wrapper {margin-right : 0px;margin-left : 0px;}}@media only screen and (max-width:640px) {.fusion-body .fusion-builder-column-1{width:100% !important;}.fusion-builder-column-1 > .fusion-column-wrapper {margin-right : 0px;margin-left : 0px;}}<\/style><\/div><style type=\"text\/css\">.fusion-body .fusion-flex-container.fusion-builder-row-2{ padding-top : 20px;margin-top : 0px;padding-right : 0px;padding-bottom : 20px;margin-bottom : 0px;padding-left : 0px;}<\/style><\/div><\/p>\n","protected":false},"excerpt":{"rendered":"","protected":false},"author":1,"featured_media":0,"comment_status":"open","ping_status":"open","sticky":false,"template":"","format":"standard","meta":{"footnotes":""},"categories":[16],"tags":[],"class_list":["post-14150","post","type-post","status-publish","format-standard","hentry","category-artigos-cy"],"_links":{"self":[{"href":"https:\/\/xoandelugo.org\/cy\/wp-json\/wp\/v2\/posts\/14150","targetHints":{"allow":["GET"]}}],"collection":[{"href":"https:\/\/xoandelugo.org\/cy\/wp-json\/wp\/v2\/posts"}],"about":[{"href":"https:\/\/xoandelugo.org\/cy\/wp-json\/wp\/v2\/types\/post"}],"author":[{"embeddable":true,"href":"https:\/\/xoandelugo.org\/cy\/wp-json\/wp\/v2\/users\/1"}],"replies":[{"embeddable":true,"href":"https:\/\/xoandelugo.org\/cy\/wp-json\/wp\/v2\/comments?post=14150"}],"version-history":[{"count":2,"href":"https:\/\/xoandelugo.org\/cy\/wp-json\/wp\/v2\/posts\/14150\/revisions"}],"predecessor-version":[{"id":14197,"href":"https:\/\/xoandelugo.org\/cy\/wp-json\/wp\/v2\/posts\/14150\/revisions\/14197"}],"wp:attachment":[{"href":"https:\/\/xoandelugo.org\/cy\/wp-json\/wp\/v2\/media?parent=14150"}],"wp:term":[{"taxonomy":"category","embeddable":true,"href":"https:\/\/xoandelugo.org\/cy\/wp-json\/wp\/v2\/categories?post=14150"},{"taxonomy":"post_tag","embeddable":true,"href":"https:\/\/xoandelugo.org\/cy\/wp-json\/wp\/v2\/tags?post=14150"}],"curies":[{"name":"wp","href":"https:\/\/api.w.org\/{rel}","templated":true}]}}