{"id":14039,"date":"2017-02-20T21:24:57","date_gmt":"2017-02-20T19:24:57","guid":{"rendered":"http:\/\/xoandelugo.org\/cy\/?p=14039"},"modified":"2017-04-30T11:53:25","modified_gmt":"2017-04-30T09:53:25","slug":"o-estado-non-e-seguro-miriam-gonzalez-francisco","status":"publish","type":"post","link":"https:\/\/xoandelugo.org\/cy\/o-estado-non-e-seguro-miriam-gonzalez-francisco\/","title":{"rendered":"O ESTADO NON \u00c9 SEGURO &#8211; Miriam Gonz\u00e1lez Francisco"},"content":{"rendered":"<p><div class=\"fusion-fullwidth fullwidth-box fusion-builder-row-1 fusion-flex-container nonhundred-percent-fullwidth non-hundred-percent-height-scrolling\" style=\"background-color: rgba(255,255,255,0);background-position: left top;background-repeat: no-repeat;border-width: 0px 0px 0px 0px;border-color:#e2e2e2;border-style:solid;\" ><div class=\"fusion-builder-row fusion-row fusion-flex-align-items-flex-start\" style=\"max-width:calc( 1200px + 0px );margin-left: calc(-0px \/ 2 );margin-right: calc(-0px \/ 2 );\"><div class=\"fusion-layout-column fusion_builder_column fusion-builder-column-0 fusion_builder_column_1_1 1_1 fusion-flex-column fusion-flex-align-self-flex-start fusion-column-no-min-height\"><div class=\"fusion-column-wrapper fusion-flex-justify-content-flex-start fusion-content-layout-column\" style=\"background-position:left top;background-repeat:no-repeat;-webkit-background-size:cover;-moz-background-size:cover;-o-background-size:cover;background-size:cover;padding: 0px 0px 0px 0px;\"><div class=\"fusion-text fusion-text-1\" style=\"transform:translate3d(0,0,0);\"><h1 style=\"text-align: center;\"><span style=\"color: #428fc9;\">O ESTADO NON \u00c9 SEGURO<\/span><\/h1>\n<\/div><div class=\"fusion-text fusion-text-2\" style=\"transform:translate3d(0,0,0);\"><h4 style=\"text-align: right;\"><span style=\"color: #428fc9;\"><em>\u00a0 \u00a0 &#8211; Miriam Gonz\u00e1lez Francisco &#8211;\u00a0<\/em><\/span><\/h4>\n<\/div><div class=\"fusion-separator fusion-full-width-sep\" style=\"align-self: center;margin-left: auto;margin-right: auto;width:100%;\"><div class=\"fusion-separator-border sep-single sep-solid\" style=\"border-color:#eeee22;border-top-width:1px;\"><\/div><\/div><\/div><\/div><style type=\"text\/css\">.fusion-body .fusion-builder-column-0{width:100% !important;margin-top : 0px;margin-bottom : 0px;}.fusion-builder-column-0 > .fusion-column-wrapper {padding-top : 0px !important;padding-right : 0px !important;margin-right : 0px;padding-bottom : 0px !important;padding-left : 0px !important;margin-left : 0px;}@media only screen and (max-width:1024px) {.fusion-body .fusion-builder-column-0{width:100% !important;}.fusion-builder-column-0 > .fusion-column-wrapper {margin-right : 0px;margin-left : 0px;}}@media only screen and (max-width:640px) {.fusion-body .fusion-builder-column-0{width:100% !important;}.fusion-builder-column-0 > .fusion-column-wrapper {margin-right : 0px;margin-left : 0px;}}<\/style><\/div><style type=\"text\/css\">.fusion-body .fusion-flex-container.fusion-builder-row-1{ padding-top : 20px;margin-top : 0px;padding-right : 0px;padding-bottom : 20px;margin-bottom : 0px;padding-left : 0px;}<\/style><\/div><div class=\"fusion-fullwidth fullwidth-box fusion-builder-row-2 fusion-flex-container nonhundred-percent-fullwidth non-hundred-percent-height-scrolling\" style=\"background-color: rgba(255,255,255,0);background-position: left top;background-repeat: no-repeat;border-width: 0px 0px 0px 0px;border-color:#e2e2e2;border-style:solid;\" ><div class=\"fusion-builder-row fusion-row fusion-flex-align-items-flex-start\" style=\"max-width:calc( 1200px + 0px );margin-left: calc(-0px \/ 2 );margin-right: calc(-0px \/ 2 );\"><div class=\"fusion-layout-column fusion_builder_column fusion-builder-column-1 fusion_builder_column_1_1 1_1 fusion-flex-column fusion-flex-align-self-flex-start fusion-column-no-min-height\"><div class=\"fusion-column-wrapper fusion-flex-justify-content-flex-start fusion-content-layout-column\" style=\"background-position:left top;background-repeat:no-repeat;-webkit-background-size:cover;-moz-background-size:cover;-o-background-size:cover;background-size:cover;padding: 0px 0px 0px 0px;\"><div class=\"fusion-text fusion-text-3\" style=\"transform:translate3d(0,0,0);\"><p style=\"text-align: justify;\"><span style=\"color: #808080;\">\u00a0 A escusa da seguridade \u00e9 un dos baluartes m\u00e1is empregados para a defensa do Estado como organizaci\u00f3n pol\u00edtica necesaria para que reine a paz entre os individuos dunha sociedade. A\u00ednda que \u00e9 certo que a seguridade total \u00e9 unha quimera imposible de alcanzar neste mundo, deixar aos Estados o monopolio da defensa non ten por qu\u00e9 ser a mellor opci\u00f3n para vivir nun mundo m\u00e1is pac\u00edfico.<\/span><\/p>\n<p style=\"text-align: justify;\"><span style=\"color: #808080;\">\u00a0 A seguridade \u00e9 un ben subxectivo, pero debido ao poder comunicativo e propagand\u00edstico que emana dos Estados modernos parece tratarse dun concepto totalmente obxectivo, a\u00ednda que este sempre estar\u00e1 definido desde a propia organizaci\u00f3n estatal. Jeffrey Hummel manifesta que a seguridade \u00e9 unha noci\u00f3n puramente ideol\u00f3xica sostida na lexitimidade que goza o Estado grazas ao monopolio do uso da forza e a coacci\u00f3n sobre os individuos.<a style=\"color: #808080;\" href=\"#_edn1\" name=\"_ednref1\">[i]<\/a> No caso do Estado espa\u00f1ol esta concepci\u00f3n da seguridade e defensa denom\u00ednase Directiva de Defensa Nacional,<a style=\"color: #808080;\" href=\"#_edn2\" name=\"_ednref2\">[ii]<\/a> en Estados Unidos \u00e9 a Estratexia Nacional de Seguridade (National Security Strategy)<a style=\"color: #808080;\" href=\"#_edn3\" name=\"_ednref3\">[iii]<\/a> e, deste xeito, cada un dos Estados e democracias modernas trata de xustificar e materializar este monopolio e \u201ccomunismo\u201d na produci\u00f3n da seguridade.<\/span><\/p>\n<p style=\"text-align: justify;\"><span style=\"color: #808080;\">\u00a0 Esta formulaci\u00f3n por parte dos Estados contrad\u00ed o Dereito Natural que establece, por exemplo, a libre competencia que xerar\u00e1 reduci\u00f3n nos prezos, e a primac\u00eda do interese do consumidor fronte ao productor, tal e como afirma Gustave de Molinari no seu artigo \u201cSobre a Produci\u00f3n da Seguridade\u201d.<a style=\"color: #808080;\" href=\"#_edn4\" name=\"_ednref4\">[iv]<\/a><\/span><\/p>\n<p style=\"text-align: justify;\"><span style=\"color: #808080;\">\u00a0 Cada un dos Estados trata de dar forma \u00e1 idea de interese nacional a trav\u00e9s dunha noci\u00f3n que se identificou hist\u00f3ricamente co interese din\u00e1stico e trala Revoluci\u00f3n Francesa de 1789 coa <em>raison d\u00b4etat<\/em>.<a style=\"color: #808080;\" href=\"#_edn5\" name=\"_ednref5\">[v]<\/a><\/span><\/p>\n<p style=\"text-align: justify;\"><span style=\"color: #808080;\">\u00a0 Admitir que existe un interese xeral ou raz\u00f3n de estado para todos os individuos que compo\u00f1en unha sociedade \u00e9 unha premisa que est\u00e1 moi afastada da realidade, ata si falamos de seguridade e defensa, pois as necesidades dun habitante da \u201cCa\u00f1ada da Morte\u201d de Melilla pouco te\u00f1en que ver coas doutro que viva na R\u00faa Serrano de Madrid, a\u00ednda trat\u00e1ndose do mesmo pa\u00eds.<\/span><\/p>\n<p style=\"text-align: justify;\"><span style=\"color: #808080;\">\u00a0 Ademais, o interese que uns individuos (pol\u00edticos en \u00faltima instancia) determinan como nacional non ten por qu\u00e9 coincidir co interese dos gobernados; Duroselle asume que o interese nacional non \u00e9 m\u00e1is que o interese dunha determinada clase: <em>\u201cVemos vivir ao noso ao redor sociedades humanas infinitamente complexas e diversificadas, divididas non soamente en \u201cclases\u201d, sen\u00f3n tam\u00e9n en \u201cgrupos de intereses\u201d; e comprobamos continuamente que as aspiraci\u00f3ns destas clases e destes grupos son moitas veces contradictorias. (&#8230;) \u00c9 tal a contradici\u00f3n entre os intereses dos grupos e dos individuos, dentro dun mesmo Estado, que custa admitir a idea dun interese nacional obxectivo. \u00bfNon son, salvo casos excepcionais, os \u201cintereses superiores do Estado\u201d, invocados con tanta frecuencia, un simple medio de enmascarar intereses infinitamente menos nobres e, en todo caso, particulares?<\/em>\u201d<a style=\"color: #808080;\" href=\"#_edn6\" name=\"_ednref6\">[vi]<\/a><\/span><\/p>\n<p style=\"text-align: justify;\"><span style=\"color: #808080;\">\u00a0 A seguridade e a defensa son materias nas que o Estado trata de manter o monopolio e nas que se mostra extremadamente receloso a s\u00faa liberalizaci\u00f3n e privatizaci\u00f3n e, como todas as \u00e1reas intervidas pola planificaci\u00f3n socialista, presenta serios problemas de c\u00e1lculo: como definir o prezo, a cantidade ou calidade, ou o mellor m\u00e9todo a aplicar. Os recentes ataques terroristas en Alemania de decembro de 2016, ou o atentado de Niza en xullo do pasado ano, puxeron de manifesto a falta de capacidade de adaptaci\u00f3n que te\u00f1en os sistemas de seguridade europeos ante estas novas ameazas malia a grande cantidade de recursos que se destinan aos Ministerios de Interior e Defensa.<\/span><\/p>\n<p style=\"text-align: justify;\"><span style=\"color: #808080;\">\u00a0 Hayek afirmaba en <em>La Fatal Arrogancia<\/em> que \u00e9 totalmente imposible que un grupo de planificadores poida acceder a toda a informaci\u00f3n dispersa entre os diferentes individuos que compo\u00f1en unha sociedade e, tendo en conta que a orde social \u00e9 espont\u00e1nea e evolutiva, este tipo de planificaci\u00f3n estatal da seguridade est\u00e1 incapacitada para resolver do xeito m\u00e1is efectivo posible os problemas que se xeran nestas \u00e1reas sensibles da convivencia humana. Ademais, a orde xer\u00e1rquica que reina nas instituci\u00f3ns policiais e militares, onde en \u00faltima instancia a decisi\u00f3n \u00e9 tomada en base ao criterio dun pol\u00edtico (contradicindo nalgunhas ocasi\u00f3ns aos expertos na materia) que exerce tal poder grazas ao sistema clientelar que reina nas democracias, engade a\u00ednda m\u00e1is problemas a este m\u00e9todo de prover a seguridade e defensa aos cidad\u00e1ns.<\/span><\/p>\n<p style=\"text-align: justify;\"><span style=\"color: #808080;\">\u00a0 Tanto a guerra como os fen\u00f3menos terroristas est\u00e1n en constante mutaci\u00f3n, e o motivo \u00faltimo deste tipo de manifestaci\u00f3ns adoita ser un conflito de intereses coa oligarqu\u00eda dominante, un grupo de persoas organizadas que, en base \u00e1 idea de Estado, exerce o seu poder sobre o resto de individuos. No momento hist\u00f3rico actual (no que a orde internacional bas\u00e9ase nun sistema an\u00e1rquico) case desapareceron os conflitos directos a gran escala entre os Estados, xa que, o maior risco, agora, trasl\u00e1dase \u00e1s \u00e1reas onde existe un poder planificador efectivo e contrapoderes que tratan de conquistalo en funci\u00f3n de diversos intereses.<\/span><\/p>\n<p style=\"text-align: justify;\"><span style=\"color: #808080;\">\u00a0 A loita trasl\u00e1dase ao interior dos Estados, de tal xeito que chega tam\u00e9n a pervertir a \u00e1rea da xustiza, por ser o Estado o proveedor da mesma. Hai milleiros de exemplos: a guerra sucia contra ETA na que o Estado espa\u00f1ol creou aos GAL, o ataque aos manifestantes en Derry durante o denominado Domingo Sanguento por parte do ex\u00e9rcito brit\u00e1nico, a guerra contra as drogas levada a cabo en Colombia ou M\u00e9xico\u2026 non \u00e9 preciso dicir que os principais responsables destas acci\u00f3ns sa\u00edron impunes.<\/span><\/p>\n<p style=\"text-align: justify;\"><span style=\"color: #808080;\">\u00a0 A\u00ednda que \u00e9 imposible elaborar agora mesmo un mecanismo de seguridade e defensa que substit\u00faa ao Estado, por non terse dado a\u00ednda as condici\u00f3ns que faciliten o proceso de xeraci\u00f3n de informaci\u00f3n pertinente para logralo, o certo \u00e9 que admitir a necesidade do control da organizaci\u00f3n estatal nestas \u00e1reas non as exime de sufrir graves deficiencias debido ao gran poder infraestructural que est\u00e1n alcanzando as encomiadas democracias occidentais, xa que a maior\u00eda de veces \u00e9 o propio Estado o que crea os problemas que despois tratar\u00e1 de resolver.<\/span><\/p>\n<p style=\"text-align: justify;\"><span style=\"color: #808080;\">\u00a0 Xa o advertiu fai tempo Benjamin Franklin: \u201cAqueles que renunciar\u00edan a unha liberdade esencial para comprar un pouco de seguridade moment\u00e1nea, non merecen nin liberdade nin seguridade\u201d.<\/span><\/p>\n<p><a href=\"#_ednref1\" name=\"_edn1\"><\/a><\/p>\n<p><a href=\"#_ednref1\" name=\"_edn1\"><\/a><\/p>\n<\/div><\/div><\/div><style type=\"text\/css\">.fusion-body .fusion-builder-column-1{width:100% !important;margin-top : 0px;margin-bottom : 0px;}.fusion-builder-column-1 > .fusion-column-wrapper {padding-top : 0px !important;padding-right : 0px !important;margin-right : 0px;padding-bottom : 0px !important;padding-left : 0px !important;margin-left : 0px;}@media only screen and (max-width:1024px) {.fusion-body .fusion-builder-column-1{width:100% !important;}.fusion-builder-column-1 > .fusion-column-wrapper {margin-right : 0px;margin-left : 0px;}}@media only screen and (max-width:640px) {.fusion-body .fusion-builder-column-1{width:100% !important;}.fusion-builder-column-1 > .fusion-column-wrapper {margin-right : 0px;margin-left : 0px;}}<\/style><\/div><style type=\"text\/css\">.fusion-body .fusion-flex-container.fusion-builder-row-2{ padding-top : 20px;margin-top : 0px;padding-right : 0px;padding-bottom : 20px;margin-bottom : 0px;padding-left : 0px;}<\/style><\/div><div class=\"fusion-fullwidth fullwidth-box fusion-builder-row-3 fusion-flex-container nonhundred-percent-fullwidth non-hundred-percent-height-scrolling\" style=\"background-color: rgba(255,255,255,0);background-position: left top;background-repeat: no-repeat;border-width: 0px 0px 0px 0px;border-color:#e2e2e2;border-style:solid;\" ><div class=\"fusion-builder-row fusion-row fusion-flex-align-items-flex-start\" style=\"max-width:calc( 1200px + 0px );margin-left: calc(-0px \/ 2 );margin-right: calc(-0px \/ 2 );\"><div class=\"fusion-layout-column fusion_builder_column fusion-builder-column-2 fusion_builder_column_1_1 1_1 fusion-flex-column fusion-flex-align-self-flex-start fusion-column-no-min-height\"><div class=\"fusion-column-wrapper fusion-flex-justify-content-flex-start fusion-content-layout-column\" style=\"background-position:left top;background-repeat:no-repeat;-webkit-background-size:cover;-moz-background-size:cover;-o-background-size:cover;background-size:cover;padding: 0px 0px 0px 0px;\"><div class=\"fusion-separator fusion-full-width-sep\" style=\"align-self: center;margin-left: auto;margin-right: auto;width:100%;\"><div class=\"fusion-separator-border sep-single sep-solid\" style=\"border-color:#eeee22;border-top-width:1px;\"><\/div><\/div><div class=\"fusion-text fusion-text-4\" style=\"transform:translate3d(0,0,0);\"><p><span style=\"color: #999999;\"><strong><a style=\"color: #999999;\" href=\"#_ednref1\" name=\"_edn1\">[i]<\/a> <\/strong><em>V\u00edd<\/em>.:HUMMEL, Jeffrey: \u201cThe Will to be Free: The Role of Ideology in National Defense\u201d en: HOPPE, Hans-Herman (ed.): <em>The Myth of National Defense: Essays on the Theory and History of Security Production,<\/em>Mises Institute, 2003, Alabama, pp.275-298<\/span><\/p>\n<p><span style=\"color: #999999;\"><strong><a style=\"color: #999999;\" href=\"#_ednref2\" name=\"_edn2\">[ii]<\/a> <\/strong>Directiva de Defensa Nacional en curso 1\/2012 http:\/\/www.defensa.gob.es\/defensa\/politicadefensa\/directivadefensa\/<\/span><\/p>\n<p><span style=\"color: #999999;\"><strong><a style=\"color: #999999;\" href=\"#_ednref3\" name=\"_edn3\">[iii]<\/a> <\/strong>http:\/\/nssarchive.us\/national-security-strategy-2015\/<\/span><\/p>\n<p><span style=\"color: #999999;\"><strong><a style=\"color: #999999;\" href=\"#_ednref4\" name=\"_edn4\">[iv]<\/a> <\/strong>DE MOLINARI, Gustav: \u201cSobre la producci\u00f3n de Seguridad\u201d en: Journal des \u00c9conomistes<em>, el 15 de febrero de 1849, <\/em> http:\/\/www.liberalismo.org\/articulo\/261\/240\/produccion\/seguridad\/<\/span><\/p>\n<p><span style=\"color: #999999;\"><strong><a style=\"color: #999999;\" href=\"#_ednref5\" name=\"_edn5\">[v]<\/a> <\/strong>SONDERMANN, Fred \u201cThe Concept of the National Interest\u201d en: SONDERMANN, Fred y OLSON, William (eds):<em>The Theory and Practice of International Relations,<\/em> Prentice Hall ,New Jersey 1966, p. 86<\/span><\/p>\n<p><span style=\"color: #999999;\"><strong><a style=\"color: #999999;\" href=\"#_ednref6\" name=\"_edn6\">[vi]<\/a><\/strong> DUROSELLE, Jean-Baptiste; RENOUVIN, Pierre: <em>Introducci\u00f3n a la Historia de las Relaciones Internacionales<\/em>, S.L. Fondo de Cultura Econ\u00f3mica Espa\u00f1ola, Madrid, 2000, p. 357<\/span><\/p>\n<\/div><\/div><\/div><style type=\"text\/css\">.fusion-body .fusion-builder-column-2{width:100% !important;margin-top : 0px;margin-bottom : 0px;}.fusion-builder-column-2 > .fusion-column-wrapper {padding-top : 0px !important;padding-right : 0px !important;margin-right : 0px;padding-bottom : 0px !important;padding-left : 0px !important;margin-left : 0px;}@media only screen and (max-width:1024px) {.fusion-body .fusion-builder-column-2{width:100% !important;}.fusion-builder-column-2 > .fusion-column-wrapper {margin-right : 0px;margin-left : 0px;}}@media only screen and (max-width:640px) {.fusion-body .fusion-builder-column-2{width:100% !important;}.fusion-builder-column-2 > .fusion-column-wrapper {margin-right : 0px;margin-left : 0px;}}<\/style><\/div><style type=\"text\/css\">.fusion-body .fusion-flex-container.fusion-builder-row-3{ padding-top : 20px;margin-top : 0px;padding-right : 0px;padding-bottom : 20px;margin-bottom : 0px;padding-left : 0px;}<\/style><\/div><\/p>\n","protected":false},"excerpt":{"rendered":"","protected":false},"author":1,"featured_media":0,"comment_status":"open","ping_status":"open","sticky":false,"template":"","format":"standard","meta":{"footnotes":""},"categories":[16],"tags":[],"class_list":["post-14039","post","type-post","status-publish","format-standard","hentry","category-artigos-cy"],"_links":{"self":[{"href":"https:\/\/xoandelugo.org\/cy\/wp-json\/wp\/v2\/posts\/14039","targetHints":{"allow":["GET"]}}],"collection":[{"href":"https:\/\/xoandelugo.org\/cy\/wp-json\/wp\/v2\/posts"}],"about":[{"href":"https:\/\/xoandelugo.org\/cy\/wp-json\/wp\/v2\/types\/post"}],"author":[{"embeddable":true,"href":"https:\/\/xoandelugo.org\/cy\/wp-json\/wp\/v2\/users\/1"}],"replies":[{"embeddable":true,"href":"https:\/\/xoandelugo.org\/cy\/wp-json\/wp\/v2\/comments?post=14039"}],"version-history":[{"count":2,"href":"https:\/\/xoandelugo.org\/cy\/wp-json\/wp\/v2\/posts\/14039\/revisions"}],"predecessor-version":[{"id":14220,"href":"https:\/\/xoandelugo.org\/cy\/wp-json\/wp\/v2\/posts\/14039\/revisions\/14220"}],"wp:attachment":[{"href":"https:\/\/xoandelugo.org\/cy\/wp-json\/wp\/v2\/media?parent=14039"}],"wp:term":[{"taxonomy":"category","embeddable":true,"href":"https:\/\/xoandelugo.org\/cy\/wp-json\/wp\/v2\/categories?post=14039"},{"taxonomy":"post_tag","embeddable":true,"href":"https:\/\/xoandelugo.org\/cy\/wp-json\/wp\/v2\/tags?post=14039"}],"curies":[{"name":"wp","href":"https:\/\/api.w.org\/{rel}","templated":true}]}}