{"id":14028,"date":"2017-02-14T04:01:36","date_gmt":"2017-02-14T02:01:36","guid":{"rendered":"http:\/\/xoandelugo.org\/cy\/?p=14028"},"modified":"2017-04-30T11:53:25","modified_gmt":"2017-04-30T09:53:25","slug":"vincent-vega-ministro-de-sanidade-ignacio-almara","status":"publish","type":"post","link":"https:\/\/xoandelugo.org\/cy\/vincent-vega-ministro-de-sanidade-ignacio-almara\/","title":{"rendered":"VINCENT VEGA, MINISTRO DE SANIDADE &#8211; Ignacio Almar\u00e1"},"content":{"rendered":"<p><div class=\"fusion-fullwidth fullwidth-box fusion-builder-row-1 fusion-flex-container nonhundred-percent-fullwidth non-hundred-percent-height-scrolling\" style=\"background-color: rgba(255,255,255,0);background-position: left top;background-repeat: no-repeat;border-width: 0px 0px 0px 0px;border-color:#e2e2e2;border-style:solid;\" ><div class=\"fusion-builder-row fusion-row fusion-flex-align-items-flex-start\" style=\"max-width:calc( 1200px + 0px );margin-left: calc(-0px \/ 2 );margin-right: calc(-0px \/ 2 );\"><div class=\"fusion-layout-column fusion_builder_column fusion-builder-column-0 fusion_builder_column_1_1 1_1 fusion-flex-column fusion-flex-align-self-flex-start fusion-column-no-min-height\"><div class=\"fusion-column-wrapper fusion-flex-justify-content-flex-start fusion-content-layout-column\" style=\"background-position:left top;background-repeat:no-repeat;-webkit-background-size:cover;-moz-background-size:cover;-o-background-size:cover;background-size:cover;padding: 0px 0px 0px 0px;\"><div class=\"fusion-text fusion-text-1\" style=\"transform:translate3d(0,0,0);\"><h1 style=\"text-align: center;\"><span style=\"color: #428fc9;\">VINCENT VEGA, MINISTRO DE SANIDADE<\/span><\/h1>\n<\/div><div class=\"fusion-text fusion-text-2\" style=\"transform:translate3d(0,0,0);\"><h4 style=\"text-align: right;\"><span style=\"color: #428fc9;\"><em>\u00a0&#8211; Ignacio Almar\u00e1 &#8211; \u00a0\u00a0<\/em><\/span><\/h4>\n<\/div><div class=\"fusion-separator fusion-full-width-sep\" style=\"align-self: center;margin-left: auto;margin-right: auto;width:100%;\"><div class=\"fusion-separator-border sep-single sep-solid\" style=\"border-color:#eeee22;border-top-width:1px;\"><\/div><\/div><\/div><\/div><style type=\"text\/css\">.fusion-body .fusion-builder-column-0{width:100% !important;margin-top : 0px;margin-bottom : 0px;}.fusion-builder-column-0 > .fusion-column-wrapper {padding-top : 0px !important;padding-right : 0px !important;margin-right : 0px;padding-bottom : 0px !important;padding-left : 0px !important;margin-left : 0px;}@media only screen and (max-width:1024px) {.fusion-body .fusion-builder-column-0{width:100% !important;}.fusion-builder-column-0 > .fusion-column-wrapper {margin-right : 0px;margin-left : 0px;}}@media only screen and (max-width:640px) {.fusion-body .fusion-builder-column-0{width:100% !important;}.fusion-builder-column-0 > .fusion-column-wrapper {margin-right : 0px;margin-left : 0px;}}<\/style><\/div><style type=\"text\/css\">.fusion-body .fusion-flex-container.fusion-builder-row-1{ padding-top : 20px;margin-top : 0px;padding-right : 0px;padding-bottom : 20px;margin-bottom : 0px;padding-left : 0px;}<\/style><\/div><div class=\"fusion-fullwidth fullwidth-box fusion-builder-row-2 fusion-flex-container nonhundred-percent-fullwidth non-hundred-percent-height-scrolling\" style=\"background-color: rgba(255,255,255,0);background-position: left top;background-repeat: no-repeat;border-width: 0px 0px 0px 0px;border-color:#e2e2e2;border-style:solid;\" ><div class=\"fusion-builder-row fusion-row fusion-flex-align-items-flex-start\" style=\"max-width:calc( 1200px + 0px );margin-left: calc(-0px \/ 2 );margin-right: calc(-0px \/ 2 );\"><div class=\"fusion-layout-column fusion_builder_column fusion-builder-column-1 fusion_builder_column_1_1 1_1 fusion-flex-column fusion-flex-align-self-flex-start fusion-column-no-min-height\"><div class=\"fusion-column-wrapper fusion-flex-justify-content-flex-start fusion-content-layout-column\" style=\"background-position:left top;background-repeat:no-repeat;-webkit-background-size:cover;-moz-background-size:cover;-o-background-size:cover;background-size:cover;padding: 0px 0px 0px 0px;\"><div class=\"fusion-text fusion-text-3\" style=\"transform:translate3d(0,0,0);\"><p style=\"text-align: justify;\"><span style=\"color: #808080;\"><span style=\"color: #808080;\">\u00a0\u00a0<\/span>Nunha das moitas escenas representativas de <em>Pulp Fiction<\/em>, a famosa pel\u00edcula de Quentin Tarantino, dous sicarios chamados Vincent Vega e Jules Winnfield, interpretados por John Travolta e Samuel L. Jackson, acoden a un piso para recuperar un malet\u00edn, propiedade do seu xefe mafioso, que foi roubado por tres mozos. Cando Vincent abre o malet\u00edn para comprobar o seu contido, un brillo dourado ilumina o seu at\u00f3nito rostro. Jules preg\u00fantalle si todo est\u00e1 correcto e Vincent resp\u00f3ndelle que s\u00ed. O espectador nunca chega a saber que \u00e9 o que cont\u00e9n o malet\u00edn. Neste sentido e como explicaremos a continuaci\u00f3n, Vincent Vega act\u00faa como un ministro de sanidade.<\/span><\/p>\n<p style=\"text-align: justify;\"><span style=\"color: #808080;\">\u00a0 A sanidade p\u00fablica conforma un dos puntais m\u00e1is s\u00f3lidos do Estado de Benestar. B\u00e1stanos con botar unha r\u00e1pida ollada a calquera programa pol\u00edtico, sexa do partido que sexa, para ver que, o raro, \u00e9 non facer unha defensa sen concesi\u00f3ns dunha sanidade <em>p\u00fablica<\/em>, <em>universal<\/em> e <em>gratuita<\/em>. \u00c9, ademais, unha reclamaci\u00f3n recurrente por parte dos cidad\u00e1ns, os cales somos, en moitas ocasi\u00f3ns, incapaces de concibir unha sanidade que non estea plenamente controlada e outorgada polo Estado.<\/span><\/p>\n<p style=\"text-align: justify;\"><span style=\"color: #808080;\">\u00a0 Resulta moi evidente que a sanidade, tal e como a concibimos hoxe en d\u00eda, est\u00e1 impregnada de estatismo. Pero si analizamos con coidado o propio concepto poderemos ver que este fen\u00f3meno de impregnaci\u00f3n estatista non deber\u00eda sorprendernos.<\/span><\/p>\n<p style=\"text-align: justify;\"><span style=\"color: #808080;\">\u00a0 Primeiro de nada, deberiamos preguntarnos: \u00bfque \u00e9 a sanidade? Como explica Peter Klein non podemos dicir que sexa un grupo de bens homox\u00e9neos nin un ben ou servizo concreto.<a style=\"color: #808080;\" href=\"#_edn1\" name=\"_ednref1\">[i]<\/a> \u00c9 impensable ir a un hospital e pedir unha unidade e media de sanidade. Cando falamos de sanidade adoit\u00e1monos referir a un conxunto moi amplo e heterox\u00e9neo de diversos bens e servizos que van desde unha operaci\u00f3n de extracci\u00f3n de ganglios metast\u00e1sicos ata a administraci\u00f3n dun paracetamol para a dor de cabeza. Un paseo de 3 quil\u00f3metros co fin de facer exercicio aer\u00f3bico tam\u00e9n mellora nosa sa\u00fade, e o vaso de auga con lim\u00f3n e mel que unha nai prepara ao seu fillo para a dor de garganta tam\u00e9n ten un fin terap\u00e9utico e poder\u00eda ser perfectamente catalogado dentro do que chamamos sanidade.<\/span><\/p>\n<p style=\"text-align: justify;\"><span style=\"color: #808080;\">\u00a0 En realidade, sanidade non se refire a nada, por estra\u00f1o que nos pareza. Non podemos identificar cousas concretas que sexan \u201csanidade\u201d. Podemos dicir que pagamos por un servizo de podolox\u00eda, ou que compramos unha cadeira ergon\u00f3mica co fin de evitar a dor de costas, pero resultar\u00eda absurdo dicir que compramos sanidade.<\/span><\/p>\n<p style=\"text-align: justify;\"><span style=\"color: #808080;\">\u00a0 \u201cSanidade\u201d ou \u201casistencia sanitaria\u201d son termos usados a mi\u00fado en pol\u00edtica. Todos os partidos ofr\u00e9cenos, todo o mundo recl\u00e1maos. Pero son termos ambiguos que non designan nada en concreto, e \u00e9 por iso que se converten en instrumentos pol\u00edticos moi \u00fatiles para o Estado. A s\u00faa utilidade reside xustamente na ambig\u00fcedade dos termos, xa que, ao carecer de contido concreto, poden definirse <em>ad hoc<\/em> con fins pol\u00edticos: sanidade \u00e9 o que o goberno decida que \u00e9 sanidade. S\u00f3 os pol\u00edticos saben que \u00e9 o que se esconde detr\u00e1s do veo de misterio que envolve \u00e1 asistencia sanitaria. Isto fai que os cidad\u00e1ns s\u00f3 poidan limitarse a recibir os coidados sanitarios designados polos gobernantes, os cales substitu\u00edron as valoraci\u00f3ns persoais da maior\u00eda dos individuos polas s\u00faas propias.<\/span><\/p>\n<p style=\"text-align: justify;\"><span style=\"color: #808080;\">\u00a0 Facendo unha analox\u00eda, a sanidade ser\u00eda como o contido brillante do malet\u00edn de <em>Pulp Fiction<\/em>. \u00danicamente un n\u00famero reducido de persoas, como Vincent Vega ou Jules, chegan a saber que hai no seu interior mentres que o resto s\u00f3 podemos imaxinalo.<\/span><\/p>\n<p style=\"text-align: justify;\"><span style=\"color: #808080;\">\u00a0 Esta situaci\u00f3n sup\u00f3n unha agresi\u00f3n \u00e1 liberdade das persoas, \u00e1 cal non s\u00f3 se lle extraen recursos para financiar os servizos sanitarios, sen\u00f3n que, ademais, a prestaci\u00f3n destes servizos dec\u00eddese de forma completamente pol\u00edtica, segundo a definici\u00f3n de sanidade do momento e sen contar para nada cos desexos do contribu\u00ednte.<\/span><\/p>\n<p style=\"text-align: justify;\"><span style=\"color: #808080;\">\u00a0 Reclamar sanidade p\u00fablica \u00e9 basicamente reclamar ser escravos do goberno, abrindo a veda a que os pol\u00edticos decidan por n\u00f3s o que debemos recibir ou deixar de recibir, ademais de negar calquera posibilidade de atopar alternativas xeradas espont\u00e1neamente no libre mercado.<\/span><\/p>\n<p style=\"text-align: justify;\"><span style=\"color: #808080;\">\u00a0 Si non deixamos de considerar que este termo ambiguo e carente de contido \u00e9 realmente importante, seguiremos cometendo o erro de dar armas ao Estado coas que poida reducir a nosa liberdade. Resulta evidente que o entramado pol\u00edtico e burocr\u00e1tico relacionado coa sa\u00fade est\u00e1 traendo resultados non desexados e que est\u00e1 mermando a nosa capacidade de decisi\u00f3n, pero o feito de demandar soluci\u00f3ns en forma de reforma sanitaria ou mellor sanidade en xeral sup\u00f3n dar v\u00eda libre de novo \u00e1s decisi\u00f3ns arbitrarias de pol\u00edticos que non necesariamente velan polos nosos intereses, sen\u00f3n que m\u00e1is ben parecen velar polos seus propios.<\/span><\/p>\n<p style=\"text-align: justify;\"><span style=\"color: #808080;\">\u00a0 As soluci\u00f3ns de problemas concretos relacionados coa sa\u00fade debe suscitarse como soluci\u00f3ns concretas, doutra forma non ter\u00eda sentido. De feito, ser\u00eda absurdo que algu\u00e9n pensara en crear unha empresa para solucionar a sanidade ou para vender sanidade. Pero s\u00ed que \u00e9 posible, por exemplo, abrir unha cl\u00ednica pedi\u00e1trica co fin de ofrecer servizos nese \u00e1mbito m\u00e9dico. Desa forma teremos os servizos que realmente desexamos, pagados de forma voluntaria e \u00e1 medida das nosas valoraci\u00f3ns e desexos.<\/span><\/p>\n<p style=\"text-align: justify;\"><span style=\"color: #808080;\">\u00a0 O t\u00e9rmino sanidade, tal e como se emprega usualmente, contrib\u00fae \u00e1 imposici\u00f3n do que o psiquiatra Thomas Szasz denominaba o Estado Terap\u00e9utico: un Estado supostamente bo e paternal que coida tanto de n\u00f3s que nos arrebata a liberdade de tomar decisi\u00f3ns nun dos aspectos m\u00e1is importantes da nosa vida, a sa\u00fade.<a style=\"color: #808080;\" href=\"#_edn2\" name=\"_ednref2\">[ii]<\/a><\/span><\/p>\n<p style=\"text-align: justify;\"><span style=\"color: #808080;\"><a style=\"color: #808080;\" href=\"#_ednref1\" name=\"_edn1\"><\/a><\/span><\/p>\n<p style=\"text-align: justify;\"><span style=\"color: #808080;\"><a style=\"color: #808080;\" href=\"#_ednref1\" name=\"_edn1\"><\/a><\/span><\/p>\n<\/div><\/div><\/div><style type=\"text\/css\">.fusion-body .fusion-builder-column-1{width:100% !important;margin-top : 0px;margin-bottom : 0px;}.fusion-builder-column-1 > .fusion-column-wrapper {padding-top : 0px !important;padding-right : 0px !important;margin-right : 0px;padding-bottom : 0px !important;padding-left : 0px !important;margin-left : 0px;}@media only screen and (max-width:1024px) {.fusion-body .fusion-builder-column-1{width:100% !important;}.fusion-builder-column-1 > .fusion-column-wrapper {margin-right : 0px;margin-left : 0px;}}@media only screen and (max-width:640px) {.fusion-body .fusion-builder-column-1{width:100% !important;}.fusion-builder-column-1 > .fusion-column-wrapper {margin-right : 0px;margin-left : 0px;}}<\/style><\/div><style type=\"text\/css\">.fusion-body .fusion-flex-container.fusion-builder-row-2{ padding-top : 20px;margin-top : 0px;padding-right : 0px;padding-bottom : 20px;margin-bottom : 0px;padding-left : 0px;}<\/style><\/div><div class=\"fusion-fullwidth fullwidth-box fusion-builder-row-3 fusion-flex-container nonhundred-percent-fullwidth non-hundred-percent-height-scrolling\" style=\"background-color: rgba(255,255,255,0);background-position: left top;background-repeat: no-repeat;border-width: 0px 0px 0px 0px;border-color:#e2e2e2;border-style:solid;\" ><div class=\"fusion-builder-row fusion-row fusion-flex-align-items-flex-start\" style=\"max-width:calc( 1200px + 0px );margin-left: calc(-0px \/ 2 );margin-right: calc(-0px \/ 2 );\"><div class=\"fusion-layout-column fusion_builder_column fusion-builder-column-2 fusion_builder_column_1_1 1_1 fusion-flex-column fusion-flex-align-self-flex-start fusion-column-no-min-height\"><div class=\"fusion-column-wrapper fusion-flex-justify-content-flex-start fusion-content-layout-column\" style=\"background-position:left top;background-repeat:no-repeat;-webkit-background-size:cover;-moz-background-size:cover;-o-background-size:cover;background-size:cover;padding: 0px 0px 0px 0px;\"><div class=\"fusion-separator fusion-full-width-sep\" style=\"align-self: center;margin-left: auto;margin-right: auto;width:100%;\"><div class=\"fusion-separator-border sep-single sep-solid\" style=\"border-color:#eeee22;border-top-width:1px;\"><\/div><\/div><div class=\"fusion-text fusion-text-4\" style=\"transform:translate3d(0,0,0);\"><p><span style=\"color: #808080;\"><strong><a style=\"color: #808080;\" href=\"#_ednref1\" name=\"_edn1\">[i]<\/a> <\/strong>As\u00ed o exp\u00f3n no video titulado \u201cHealthcare and the Free Market\u201d, dispo\u00f1ible en https:\/\/www.youtube.com\/watch?v=8lOC2itCc6g<\/span><\/p>\n<p><span style=\"color: #808080;\"><strong><a style=\"color: #808080;\" href=\"#_ednref2\" name=\"_edn2\">[ii]<\/a><\/strong> Para o concepto de Estado Terap\u00e9utico ver, por exemplo, Thomas Sasz, <em>El segundo pecado. Reflexiones de un iconoclasta<\/em> (Barcelona: Alcor, 1992).<\/span><\/p>\n<\/div><\/div><\/div><style type=\"text\/css\">.fusion-body .fusion-builder-column-2{width:100% !important;margin-top : 0px;margin-bottom : 0px;}.fusion-builder-column-2 > .fusion-column-wrapper {padding-top : 0px !important;padding-right : 0px !important;margin-right : 0px;padding-bottom : 0px !important;padding-left : 0px !important;margin-left : 0px;}@media only screen and (max-width:1024px) {.fusion-body .fusion-builder-column-2{width:100% !important;}.fusion-builder-column-2 > .fusion-column-wrapper {margin-right : 0px;margin-left : 0px;}}@media only screen and (max-width:640px) {.fusion-body .fusion-builder-column-2{width:100% !important;}.fusion-builder-column-2 > .fusion-column-wrapper {margin-right : 0px;margin-left : 0px;}}<\/style><\/div><style type=\"text\/css\">.fusion-body .fusion-flex-container.fusion-builder-row-3{ padding-top : 20px;margin-top : 0px;padding-right : 0px;padding-bottom : 20px;margin-bottom : 0px;padding-left : 0px;}<\/style><\/div><\/p>\n","protected":false},"excerpt":{"rendered":"","protected":false},"author":1,"featured_media":0,"comment_status":"open","ping_status":"open","sticky":false,"template":"","format":"standard","meta":{"footnotes":""},"categories":[16],"tags":[],"class_list":["post-14028","post","type-post","status-publish","format-standard","hentry","category-artigos-cy"],"_links":{"self":[{"href":"https:\/\/xoandelugo.org\/cy\/wp-json\/wp\/v2\/posts\/14028","targetHints":{"allow":["GET"]}}],"collection":[{"href":"https:\/\/xoandelugo.org\/cy\/wp-json\/wp\/v2\/posts"}],"about":[{"href":"https:\/\/xoandelugo.org\/cy\/wp-json\/wp\/v2\/types\/post"}],"author":[{"embeddable":true,"href":"https:\/\/xoandelugo.org\/cy\/wp-json\/wp\/v2\/users\/1"}],"replies":[{"embeddable":true,"href":"https:\/\/xoandelugo.org\/cy\/wp-json\/wp\/v2\/comments?post=14028"}],"version-history":[{"count":2,"href":"https:\/\/xoandelugo.org\/cy\/wp-json\/wp\/v2\/posts\/14028\/revisions"}],"predecessor-version":[{"id":14222,"href":"https:\/\/xoandelugo.org\/cy\/wp-json\/wp\/v2\/posts\/14028\/revisions\/14222"}],"wp:attachment":[{"href":"https:\/\/xoandelugo.org\/cy\/wp-json\/wp\/v2\/media?parent=14028"}],"wp:term":[{"taxonomy":"category","embeddable":true,"href":"https:\/\/xoandelugo.org\/cy\/wp-json\/wp\/v2\/categories?post=14028"},{"taxonomy":"post_tag","embeddable":true,"href":"https:\/\/xoandelugo.org\/cy\/wp-json\/wp\/v2\/tags?post=14028"}],"curies":[{"name":"wp","href":"https:\/\/api.w.org\/{rel}","templated":true}]}}